{"id":32664,"date":"2014-06-23T21:25:45","date_gmt":"2014-06-24T00:25:45","guid":{"rendered":"http:\/\/aconteceunovale.com.br\/portal\/?p=32664"},"modified":"2014-06-23T21:25:45","modified_gmt":"2014-06-24T00:25:45","slug":"santa-maria-do-suacui-tera-show-com-leo-magalhaes-na-xxxi-exposicao-agropecuaria","status":"publish","type":"post","link":"https:\/\/aconteceunovale.com.br\/portal\/?p=32664","title":{"rendered":"Santa Maria do Sua\u00e7u\u00ed ter\u00e1 show com L\u00e9o Magalh\u00e3es na XXXI Exposi\u00e7\u00e3o Agropecu\u00e1ria"},"content":{"rendered":"<p>Acontece no per\u00edodo de 2 a 6 de julho, em Santa Maria do Sua\u00e7u\u00ed, no Vale do Rio Doce, a XXXI Exposi\u00e7\u00e3o Agropecu\u00e1ria da cidade. O evento ser\u00e1 realizado no Parque de Exposi\u00e7\u00f5es Francisco Lima Filho e ter\u00e1 como atra\u00e7\u00e3o principal o cantor sertanejo L\u00e9o Magalh\u00e3es.<\/p>\n<p>A abertura do evento \u00e9 na quarta-feira, dia 2 de julho, com show de Daniel Campos. Na quinta-feira, 03, o show fica por conta da dupla sertaneja Alan &#038; Alex. Na sexta-feira, 4, a cidade receber\u00e1 um dos maiores sertanejos da atualidade, o mineiro L\u00e9o Magalh\u00e3es. A festa prossegue no s\u00e1bado, 5, com o forr\u00f3 da Banda Rasta Chinela. Todos os dias haver\u00e1 rodeio profissional sempre antes dos shows.<\/p>\n<p>J\u00e1 no domingo acontece a II Copa de Marcha com grande premia\u00e7\u00e3o, leil\u00e3o misto e sorteio de R$ 8 mil em dinheiro.<\/p>\n<p>Santa Maria do Sua\u00e7u\u00ed espera por voc\u00ea na XXXI Exposi\u00e7\u00e3o Agropecu\u00e1ria.<\/p>\n<p><img decoding=\"async\" src=\"http:\/\/aconteceunovale.com.br\/portal\/wp-content\/uploads\/2014\/06\/cavalgada_sms_14_2.jpg\" alt=\"\" \/><\/p>\n","protected":false},"excerpt":{"rendered":"<p>Acontece no per\u00edodo de 2 a 6 de julho, em Santa Maria do Sua\u00e7u\u00ed, no Vale do Rio Doce, a XXXI Exposi\u00e7\u00e3o Agropecu\u00e1ria da cidade. O evento ser\u00e1 realizado no Parque de Exposi\u00e7\u00f5es Francisco Lima Filho e ter\u00e1 como atra\u00e7\u00e3o principal o cantor sertanejo L\u00e9o Magalh\u00e3es. A abertura do evento \u00e9 na quarta-feira, dia 2 [&hellip;]<\/p>\n","protected":false},"author":1,"featured_media":32665,"comment_status":"open","ping_status":"closed","sticky":false,"template":"","format":"standard","meta":{"amp_status":"","footnotes":""},"categories":[125],"tags":[240,9441,9442],"class_list":["post-32664","post","type-post","status-publish","format-standard","has-post-thumbnail","hentry","category-noticias","tag-santa-maria-do-suacui","tag-santa-maria-do-suacui-tera-show-com-leo-magalhaes-na-xxxi-exposicao-agropecuaria","tag-xxxi-exposicao-agropecuaria-de-santa-maria-do-suacui"],"_links":{"self":[{"href":"https:\/\/aconteceunovale.com.br\/portal\/index.php?rest_route=\/wp\/v2\/posts\/32664","targetHints":{"allow":["GET"]}}],"collection":[{"href":"https:\/\/aconteceunovale.com.br\/portal\/index.php?rest_route=\/wp\/v2\/posts"}],"about":[{"href":"https:\/\/aconteceunovale.com.br\/portal\/index.php?rest_route=\/wp\/v2\/types\/post"}],"author":[{"embeddable":true,"href":"https:\/\/aconteceunovale.com.br\/portal\/index.php?rest_route=\/wp\/v2\/users\/1"}],"replies":[{"embeddable":true,"href":"https:\/\/aconteceunovale.com.br\/portal\/index.php?rest_route=%2Fwp%2Fv2%2Fcomments&post=32664"}],"version-history":[{"count":0,"href":"https:\/\/aconteceunovale.com.br\/portal\/index.php?rest_route=\/wp\/v2\/posts\/32664\/revisions"}],"wp:featuredmedia":[{"embeddable":true,"href":"https:\/\/aconteceunovale.com.br\/portal\/index.php?rest_route=\/wp\/v2\/media\/32665"}],"wp:attachment":[{"href":"https:\/\/aconteceunovale.com.br\/portal\/index.php?rest_route=%2Fwp%2Fv2%2Fmedia&parent=32664"}],"wp:term":[{"taxonomy":"category","embeddable":true,"href":"https:\/\/aconteceunovale.com.br\/portal\/index.php?rest_route=%2Fwp%2Fv2%2Fcategories&post=32664"},{"taxonomy":"post_tag","embeddable":true,"href":"https:\/\/aconteceunovale.com.br\/portal\/index.php?rest_route=%2Fwp%2Fv2%2Ftags&post=32664"}],"curies":[{"name":"wp","href":"https:\/\/api.w.org\/{rel}","templated":true}]}}