{"id":32659,"date":"2014-06-23T20:53:02","date_gmt":"2014-06-23T23:53:02","guid":{"rendered":"http:\/\/aconteceunovale.com.br\/portal\/?p=32659"},"modified":"2014-06-23T21:12:39","modified_gmt":"2014-06-24T00:12:39","slug":"homem-morre-apos-cair-de-moto-e-quebrar-o-pescoco-em-governador-valadares","status":"publish","type":"post","link":"https:\/\/aconteceunovale.com.br\/portal\/?p=32659","title":{"rendered":"Homem morre ap\u00f3s cair de moto e quebrar o pesco\u00e7o em Governador Valadares"},"content":{"rendered":"<p>Um homem de 55 anos morreu na noite de s\u00e1bado, 21 de junho, ap\u00f3s cair de uma motocicleta e quebrar o pesco\u00e7o, pr\u00f3ximo ao Bairro Vila dos Montes, em Governador Valadares, Minas Gerais.<\/p>\n<p>Segundo informa\u00e7\u00f5es, o homem trafegava por uma estrada de ch\u00e3o que d\u00e1 acesso a algumas fazendas e tamb\u00e9m ao munic\u00edpio de Alpercata, quando a motocicleta CG Titan derrapou, fazendo com que ele perdesse o controle direcional e ca\u00edsse.<\/p>\n<p>Com a queda a v\u00edtima identificada como EUG\u00caNIO ESTEVAM quebrou o pesco\u00e7o e morreu no local. <\/p>\n<p>A Pol\u00edcia Militar isolou o local e acionou a per\u00edcia t\u00e9cnica da Pol\u00edcia Civil. Ap\u00f3s os procedimentos de praxe, o corpo foi removido e encaminhado para o Posto de Per\u00edcia Integrada (PPI).<\/p>\n<p><img decoding=\"async\" src=\"http:\/\/aconteceunovale.com.br\/portal\/wp-content\/uploads\/2014\/06\/acidente_gv_eugenio_21_6.jpg\" alt=\"\" \/><\/p>\n<p><strong><em>(Foto: Kildene de Jesus \/ Informa\u00e7\u00f5es: Di\u00e1rio do Rio Doce)<\/em><\/strong><\/p>\n","protected":false},"excerpt":{"rendered":"<p>Um homem de 55 anos morreu na noite de s\u00e1bado, 21 de junho, ap\u00f3s cair de uma motocicleta e quebrar o pesco\u00e7o, pr\u00f3ximo ao Bairro Vila dos Montes, em Governador Valadares, Minas Gerais. Segundo informa\u00e7\u00f5es, o homem trafegava por uma estrada de ch\u00e3o que d\u00e1 acesso a algumas fazendas e tamb\u00e9m ao munic\u00edpio de Alpercata, [&hellip;]<\/p>\n","protected":false},"author":1,"featured_media":32660,"comment_status":"open","ping_status":"closed","sticky":false,"template":"","format":"standard","meta":{"amp_status":"","footnotes":""},"categories":[121],"tags":[9439,247,9438,9440],"class_list":["post-32659","post","type-post","status-publish","format-standard","has-post-thumbnail","hentry","category-leste","tag-eugenio-estevam","tag-governador-valadares","tag-homem-de-55-anos-morre-apos-cair-de-moto-e-quebrar-o-pescoco-em-governador-valadares","tag-homem-morre-apos-cair-de-moto-e-quebrar-o-pescoco-em-governador-valadares"],"_links":{"self":[{"href":"https:\/\/aconteceunovale.com.br\/portal\/index.php?rest_route=\/wp\/v2\/posts\/32659","targetHints":{"allow":["GET"]}}],"collection":[{"href":"https:\/\/aconteceunovale.com.br\/portal\/index.php?rest_route=\/wp\/v2\/posts"}],"about":[{"href":"https:\/\/aconteceunovale.com.br\/portal\/index.php?rest_route=\/wp\/v2\/types\/post"}],"author":[{"embeddable":true,"href":"https:\/\/aconteceunovale.com.br\/portal\/index.php?rest_route=\/wp\/v2\/users\/1"}],"replies":[{"embeddable":true,"href":"https:\/\/aconteceunovale.com.br\/portal\/index.php?rest_route=%2Fwp%2Fv2%2Fcomments&post=32659"}],"version-history":[{"count":0,"href":"https:\/\/aconteceunovale.com.br\/portal\/index.php?rest_route=\/wp\/v2\/posts\/32659\/revisions"}],"wp:featuredmedia":[{"embeddable":true,"href":"https:\/\/aconteceunovale.com.br\/portal\/index.php?rest_route=\/wp\/v2\/media\/32660"}],"wp:attachment":[{"href":"https:\/\/aconteceunovale.com.br\/portal\/index.php?rest_route=%2Fwp%2Fv2%2Fmedia&parent=32659"}],"wp:term":[{"taxonomy":"category","embeddable":true,"href":"https:\/\/aconteceunovale.com.br\/portal\/index.php?rest_route=%2Fwp%2Fv2%2Fcategories&post=32659"},{"taxonomy":"post_tag","embeddable":true,"href":"https:\/\/aconteceunovale.com.br\/portal\/index.php?rest_route=%2Fwp%2Fv2%2Ftags&post=32659"}],"curies":[{"name":"wp","href":"https:\/\/api.w.org\/{rel}","templated":true}]}}