{"id":32652,"date":"2014-06-23T19:34:20","date_gmt":"2014-06-23T22:34:20","guid":{"rendered":"http:\/\/aconteceunovale.com.br\/portal\/?p=32652"},"modified":"2014-06-23T19:34:20","modified_gmt":"2014-06-23T22:34:20","slug":"condutor-perde-o-controle-da-direcao-e-capota-veiculo-na-br-116-no-leste-de-minas","status":"publish","type":"post","link":"https:\/\/aconteceunovale.com.br\/portal\/?p=32652","title":{"rendered":"Condutor perde o controle da dire\u00e7\u00e3o e capota ve\u00edculo na BR-116, no Leste de Minas"},"content":{"rendered":"<p>Tr\u00eas pessoas ficaram feridas em um acidente no in\u00edcio da tarde desta segunda-feira, 23 de junho, na BR-116, em Santa B\u00e1rbara do Leste, no Leste de Minas Gerais. <\/p>\n<p>De acordo com informa\u00e7\u00f5es, o condutor do ve\u00edculo placas MSH-8651, de Governador Valadares\/MG, perdeu o controle da dire\u00e7\u00e3o ao fazer uma curva, invadiu a pista contr\u00e1ria e capotou no acostamento da rodovia. As circunst\u00e2ncias do acidente ainda est\u00e3o sendo apuradas. <\/p>\n<p>O condutor Fl\u00e1vio Oliveira sofreu escoria\u00e7\u00f5es. A sua esposa, Patr\u00edcia Maria de Paiva, de 31 anos, e a amiga do casal N\u00fabia Taydra da Silva, de 27, foram socorridas por uma equipe do Corpo de Bombeiros Volunt\u00e1rios de Caratinga e encaminhadas ao Pronto Atendimento Municipal. Segundo o bombeiro Emerson Mendes, uma das v\u00edtimas se queixava de dores na coluna.<\/p>\n<p><img decoding=\"async\" src=\"http:\/\/aconteceunovale.com.br\/portal\/wp-content\/uploads\/2014\/06\/acidente_116_gv_23_6_1.jpg\" alt=\"\" \/><\/p>\n<p><img decoding=\"async\" src=\"http:\/\/aconteceunovale.com.br\/portal\/wp-content\/uploads\/2014\/06\/acidente_116_gv_23_6_2.jpg\" alt=\"\" \/><\/p>\n<p><strong><em>(Fotos e informa\u00e7\u00f5es da TV Super Canal)<\/em><\/strong><\/p>\n","protected":false},"excerpt":{"rendered":"<p>Tr\u00eas pessoas ficaram feridas em um acidente no in\u00edcio da tarde desta segunda-feira, 23 de junho, na BR-116, em Santa B\u00e1rbara do Leste, no Leste de Minas Gerais. De acordo com informa\u00e7\u00f5es, o condutor do ve\u00edculo placas MSH-8651, de Governador Valadares\/MG, perdeu o controle da dire\u00e7\u00e3o ao fazer uma curva, invadiu a pista contr\u00e1ria e [&hellip;]<\/p>\n","protected":false},"author":1,"featured_media":32653,"comment_status":"open","ping_status":"closed","sticky":false,"template":"","format":"standard","meta":{"amp_status":"","footnotes":""},"categories":[121],"tags":[9431,9432,1018,9435,247,9434,9433,311],"class_list":["post-32652","post","type-post","status-publish","format-standard","has-post-thumbnail","hentry","category-leste","tag-condutor-perde-o-controle-da-direcao-e-capota-veiculo-na-br-116","tag-condutor-perde-o-controle-da-direcao-e-capota-veiculo-na-br-116-em-santa-barbara-do-leste","tag-destaque","tag-flavio-oliveira","tag-governador-valadares","tag-nubia-taydra-da-silva","tag-patricia-maria-de-paiva","tag-santa-barbara-do-leste"],"_links":{"self":[{"href":"https:\/\/aconteceunovale.com.br\/portal\/index.php?rest_route=\/wp\/v2\/posts\/32652","targetHints":{"allow":["GET"]}}],"collection":[{"href":"https:\/\/aconteceunovale.com.br\/portal\/index.php?rest_route=\/wp\/v2\/posts"}],"about":[{"href":"https:\/\/aconteceunovale.com.br\/portal\/index.php?rest_route=\/wp\/v2\/types\/post"}],"author":[{"embeddable":true,"href":"https:\/\/aconteceunovale.com.br\/portal\/index.php?rest_route=\/wp\/v2\/users\/1"}],"replies":[{"embeddable":true,"href":"https:\/\/aconteceunovale.com.br\/portal\/index.php?rest_route=%2Fwp%2Fv2%2Fcomments&post=32652"}],"version-history":[{"count":0,"href":"https:\/\/aconteceunovale.com.br\/portal\/index.php?rest_route=\/wp\/v2\/posts\/32652\/revisions"}],"wp:featuredmedia":[{"embeddable":true,"href":"https:\/\/aconteceunovale.com.br\/portal\/index.php?rest_route=\/wp\/v2\/media\/32653"}],"wp:attachment":[{"href":"https:\/\/aconteceunovale.com.br\/portal\/index.php?rest_route=%2Fwp%2Fv2%2Fmedia&parent=32652"}],"wp:term":[{"taxonomy":"category","embeddable":true,"href":"https:\/\/aconteceunovale.com.br\/portal\/index.php?rest_route=%2Fwp%2Fv2%2Fcategories&post=32652"},{"taxonomy":"post_tag","embeddable":true,"href":"https:\/\/aconteceunovale.com.br\/portal\/index.php?rest_route=%2Fwp%2Fv2%2Ftags&post=32652"}],"curies":[{"name":"wp","href":"https:\/\/api.w.org\/{rel}","templated":true}]}}