{"id":32646,"date":"2014-06-23T16:43:39","date_gmt":"2014-06-23T19:43:39","guid":{"rendered":"http:\/\/aconteceunovale.com.br\/portal\/?p=32646"},"modified":"2014-06-23T16:43:39","modified_gmt":"2014-06-23T19:43:39","slug":"onze-pessoas-sao-detidas-em-acoes-de-repressao-ao-trafico-em-governador-valadares","status":"publish","type":"post","link":"https:\/\/aconteceunovale.com.br\/portal\/?p=32646","title":{"rendered":"Onze pessoas s\u00e3o detidas em a\u00e7\u00f5es de repress\u00e3o ao tr\u00e1fico em Governador Valadares"},"content":{"rendered":"<p>Onze pessoas foram detidas pela Pol\u00edcia Militar durante o final de semana (21 e 22 de junho), em a\u00e7\u00f5es de repress\u00e3o ao tr\u00e1fico de drogas em Governador Valadares, no Leste de Minas Gerais.<\/p>\n<p><img decoding=\"async\" src=\"http:\/\/aconteceunovale.com.br\/portal\/wp-content\/uploads\/2014\/06\/trafico_gv_23_6_3.jpg\" alt=\"\" \/><em>(Foto: GV Alerta \/ Reprodu\u00e7\u00e3o Facebook)<\/em><br \/>\n<\/br><\/p>\n<h4><em>Fam\u00edlia do tr\u00e1fico no Morro do Carapina<\/em><\/h4>\n<p>Sete pessoas da mesma fam\u00edlia foram detidas na noite deste domingo (22), em Governador Valadares, no Leste de Minas Gerais, por suspeita de tr\u00e1fico de drogas no Morro do Carapina, no Bairro Nossa Senhora da Gra\u00e7as.<\/p>\n<p>Com eles, a pol\u00edcia encontrou sete celulares, tr\u00eas c\u00e2meras fotogr\u00e1ficas, balan\u00e7a, v\u00e1rias joias e cerca de R$ 1 mil. Foram encontradas ainda buchas de maconha, coca\u00edna, crack e um artefato explosivo de uso restrito.<\/p>\n<p>Um dos detidos \u00e9 adolescente. Ele foi ouvido e liberado. As outras seis pessoas foram encaminhadas para a cadeia da cidade.<\/p>\n<p><img decoding=\"async\" src=\"http:\/\/aconteceunovale.com.br\/portal\/wp-content\/uploads\/2014\/06\/trafico_gv_23_6_4.jpg\" alt=\"\" \/><em>(Foto: GV Alerta \/ Reprodu\u00e7\u00e3o Facebook)<\/em><br \/>\n<\/br><\/p>\n<h4><em>Presos no bairro Nossa Senhora das Gra\u00e7as<\/em><\/h4>\n<p>No Bairro Nossas Senhoras das Gra\u00e7as, dois homens foram presos por tr\u00e1fico de drogas. De acordo com a Pol\u00edcia Militar, eles tentaram fugir ao avistarem a viatura. Com eles foram encontrados v\u00e1rios tipos de drogas, arma, dinheiro, muni\u00e7\u00e3o, balan\u00e7a e um celular. <\/p>\n<p><img decoding=\"async\" src=\"http:\/\/aconteceunovale.com.br\/portal\/wp-content\/uploads\/2014\/06\/trafico_gv_23_6_1.jpg\" alt=\"\" \/><em>(Foto: GV Alerta \/ Reprodu\u00e7\u00e3o Facebook)<\/em><br \/>\n<\/br><\/p>\n<h4><em>Adolescentes detidos no Conjunto Sir<\/em><\/h4>\n<p>J\u00e1 no Bairro Conjunto Sir, a Pol\u00edcia Militar apreendeu dois adolescentes de 13 e 16 anos que portavam uma arma de fogo e pedras de crack. Os militares suspeitam que eles tenham sido usados para assumirem a propriedade do material il\u00edcito no lugar do verdadeiro respons\u00e1vel.<\/p>\n<p><img decoding=\"async\" src=\"http:\/\/aconteceunovale.com.br\/portal\/wp-content\/uploads\/2014\/06\/trafico_gv_23_6_2.jpg\" alt=\"\" \/><em>(Foto: GV Alerta \/ Reprodu\u00e7\u00e3o Facebook)<\/em><br \/>\n<\/br><\/p>\n","protected":false},"excerpt":{"rendered":"<p>Onze pessoas foram detidas pela Pol\u00edcia Militar durante o final de semana (21 e 22 de junho), em a\u00e7\u00f5es de repress\u00e3o ao tr\u00e1fico de drogas em Governador Valadares, no Leste de Minas Gerais. (Foto: GV Alerta \/ Reprodu\u00e7\u00e3o Facebook) Fam\u00edlia do tr\u00e1fico no Morro do Carapina Sete pessoas da mesma fam\u00edlia foram detidas na noite [&hellip;]<\/p>\n","protected":false},"author":1,"featured_media":32647,"comment_status":"open","ping_status":"closed","sticky":false,"template":"","format":"standard","meta":{"amp_status":"","footnotes":""},"categories":[121],"tags":[247,9430],"class_list":["post-32646","post","type-post","status-publish","format-standard","has-post-thumbnail","hentry","category-leste","tag-governador-valadares","tag-onze-pessoas-sao-detidas-em-acoes-de-repressao-ao-trafico-em-governador-valadares"],"_links":{"self":[{"href":"https:\/\/aconteceunovale.com.br\/portal\/index.php?rest_route=\/wp\/v2\/posts\/32646","targetHints":{"allow":["GET"]}}],"collection":[{"href":"https:\/\/aconteceunovale.com.br\/portal\/index.php?rest_route=\/wp\/v2\/posts"}],"about":[{"href":"https:\/\/aconteceunovale.com.br\/portal\/index.php?rest_route=\/wp\/v2\/types\/post"}],"author":[{"embeddable":true,"href":"https:\/\/aconteceunovale.com.br\/portal\/index.php?rest_route=\/wp\/v2\/users\/1"}],"replies":[{"embeddable":true,"href":"https:\/\/aconteceunovale.com.br\/portal\/index.php?rest_route=%2Fwp%2Fv2%2Fcomments&post=32646"}],"version-history":[{"count":0,"href":"https:\/\/aconteceunovale.com.br\/portal\/index.php?rest_route=\/wp\/v2\/posts\/32646\/revisions"}],"wp:featuredmedia":[{"embeddable":true,"href":"https:\/\/aconteceunovale.com.br\/portal\/index.php?rest_route=\/wp\/v2\/media\/32647"}],"wp:attachment":[{"href":"https:\/\/aconteceunovale.com.br\/portal\/index.php?rest_route=%2Fwp%2Fv2%2Fmedia&parent=32646"}],"wp:term":[{"taxonomy":"category","embeddable":true,"href":"https:\/\/aconteceunovale.com.br\/portal\/index.php?rest_route=%2Fwp%2Fv2%2Fcategories&post=32646"},{"taxonomy":"post_tag","embeddable":true,"href":"https:\/\/aconteceunovale.com.br\/portal\/index.php?rest_route=%2Fwp%2Fv2%2Ftags&post=32646"}],"curies":[{"name":"wp","href":"https:\/\/api.w.org\/{rel}","templated":true}]}}