{"id":32633,"date":"2014-06-23T15:54:46","date_gmt":"2014-06-23T18:54:46","guid":{"rendered":"http:\/\/aconteceunovale.com.br\/portal\/?p=32633"},"modified":"2014-06-23T15:55:20","modified_gmt":"2014-06-23T18:55:20","slug":"jovem-morre-em-capotamento-de-veiculo-na-rodovia-na-mg-405-no-vale-do-jequitinhonha","status":"publish","type":"post","link":"https:\/\/aconteceunovale.com.br\/portal\/?p=32633","title":{"rendered":"Jovem morre em capotamento de ve\u00edculo na rodovia na MG-405 no Vale do Jequitinhonha"},"content":{"rendered":"<p>Um jovem de 22 anos morreu na manh\u00e3 desta segunda-feira, 23 de junho, ap\u00f3s o capotamento de um ve\u00edculo na altura do quil\u00f4metro 48 da rodovia MG-405, entre Santo Ant\u00f4nio do Jacinto e Jacinto, no Vale do Jequitinhonha.<\/p>\n<p>De acordo com informa\u00e7\u00f5es da Pol\u00edcia Militar, um dos passageiros que viajavam com a v\u00edtima no ve\u00edculo Toyota Hilux placa GWF-9059, conduzido por RANDAL CABACINHA FERRAZ TRANCOSO, relatou que o condutor perdeu o controle direcional e saiu da pista pelo lado direito, e ao tentar retornar para a via, atravessou a pista, vindo a capotar na margem esquerda. <\/p>\n<p>Ainda segundo a PM, o passageiro declarou que no momento do ocorrido o motorista n\u00e3o utilizava cinto de seguran\u00e7a e foi arremessado para fora do ve\u00edculo. <\/p>\n<p>Com o impacto do acidente, Randal Cabacinha Ferraz Trancoso e Patrese Guimar\u00e3es Alves Leal sofreram graves ferimentos. Eles foram socorridos pelo SAMU e encaminhados para o Hospital Bom Pastor em Jacinto. Randal Ferraz n\u00e3o resistiu aos ferimentos e morreu. O m\u00e9dico que o recebeu no hospital constatou que a morte foi provocada por um trauma cr\u00e2nio-cef\u00e1lico. J\u00e1 Patrese Guimar\u00e3es sofreu hematoma com sangramento na cabe\u00e7a e permanece sob cuidados m\u00e9dicos.<\/p>\n<p>A per\u00edcia da Pol\u00edcia Civil foi acionada e ap\u00f3s os procedimentos de praxe o ve\u00edculo foi liberado e ficou sob cuidado de familiares.<\/p>\n<p><img decoding=\"async\" src=\"http:\/\/aconteceunovale.com.br\/portal\/wp-content\/uploads\/2014\/06\/randal_ferraz.jpg\" alt=\"\" \/><em>(Randal Ferraz era estudante de medicina e passava o feriado com a fam\u00edlia em sua terra natal &#8211; Foto: Reprodu\u00e7\u00e3o Facebook)<\/em><\/p>\n","protected":false},"excerpt":{"rendered":"<p>Um jovem de 22 anos morreu na manh\u00e3 desta segunda-feira, 23 de junho, ap\u00f3s o capotamento de um ve\u00edculo na altura do quil\u00f4metro 48 da rodovia MG-405, entre Santo Ant\u00f4nio do Jacinto e Jacinto, no Vale do Jequitinhonha. De acordo com informa\u00e7\u00f5es da Pol\u00edcia Militar, um dos passageiros que viajavam com a v\u00edtima no ve\u00edculo [&hellip;]<\/p>\n","protected":false},"author":1,"featured_media":32634,"comment_status":"open","ping_status":"closed","sticky":false,"template":"","format":"standard","meta":{"amp_status":"","footnotes":""},"categories":[120],"tags":[9421,1018,9423,9424,408,9425,9419,9422,9420,674],"class_list":["post-32633","post","type-post","status-publish","format-standard","has-post-thumbnail","hentry","category-jequi","tag-acidente-com-randal-ferraz","tag-destaque","tag-fotos-do-acidente-com-randal-ferraz","tag-informacoes-do-acidente-com-randal-ferraz","tag-jacinto","tag-jovem-morre-em-capotamento-de-veiculo-na-rodovia-na-mg-405-entre-santo-antonio-do-jacinto-e-jacinto","tag-jovem-morre-em-capotamento-de-veiculo-na-rodovia-na-mg-405-no-vale-do-jequitinhonha","tag-patrese-guimaraes-alves-leal","tag-randal-cabacinha-ferraz-trancoso","tag-santo-antonio-do-jacinto"],"_links":{"self":[{"href":"https:\/\/aconteceunovale.com.br\/portal\/index.php?rest_route=\/wp\/v2\/posts\/32633","targetHints":{"allow":["GET"]}}],"collection":[{"href":"https:\/\/aconteceunovale.com.br\/portal\/index.php?rest_route=\/wp\/v2\/posts"}],"about":[{"href":"https:\/\/aconteceunovale.com.br\/portal\/index.php?rest_route=\/wp\/v2\/types\/post"}],"author":[{"embeddable":true,"href":"https:\/\/aconteceunovale.com.br\/portal\/index.php?rest_route=\/wp\/v2\/users\/1"}],"replies":[{"embeddable":true,"href":"https:\/\/aconteceunovale.com.br\/portal\/index.php?rest_route=%2Fwp%2Fv2%2Fcomments&post=32633"}],"version-history":[{"count":0,"href":"https:\/\/aconteceunovale.com.br\/portal\/index.php?rest_route=\/wp\/v2\/posts\/32633\/revisions"}],"wp:featuredmedia":[{"embeddable":true,"href":"https:\/\/aconteceunovale.com.br\/portal\/index.php?rest_route=\/wp\/v2\/media\/32634"}],"wp:attachment":[{"href":"https:\/\/aconteceunovale.com.br\/portal\/index.php?rest_route=%2Fwp%2Fv2%2Fmedia&parent=32633"}],"wp:term":[{"taxonomy":"category","embeddable":true,"href":"https:\/\/aconteceunovale.com.br\/portal\/index.php?rest_route=%2Fwp%2Fv2%2Fcategories&post=32633"},{"taxonomy":"post_tag","embeddable":true,"href":"https:\/\/aconteceunovale.com.br\/portal\/index.php?rest_route=%2Fwp%2Fv2%2Ftags&post=32633"}],"curies":[{"name":"wp","href":"https:\/\/api.w.org\/{rel}","templated":true}]}}