{"id":32623,"date":"2014-06-23T11:35:53","date_gmt":"2014-06-23T14:35:53","guid":{"rendered":"http:\/\/aconteceunovale.com.br\/portal\/?p=32623"},"modified":"2014-06-23T11:55:07","modified_gmt":"2014-06-23T14:55:07","slug":"ladrao-provoca-acidente-e-deixa-21-pessoas-de-familia-de-ladainha-feridos","status":"publish","type":"post","link":"https:\/\/aconteceunovale.com.br\/portal\/?p=32623","title":{"rendered":"Ladr\u00e3o provoca acidente e deixa 21 pessoas de fam\u00edlia de Ladainha feridos"},"content":{"rendered":"<p>Ap\u00f3s uma festa de confraterniza\u00e7\u00e3o em fam\u00edlia, 21 pessoas ficaram feridas depois que o micro-\u00f4nibus em que elas estavam foi atingido por um caminh\u00e3o na BR-381, na altura de Coronel Fabriciano, no Vale do A\u00e7o, nesse domingo (22). O caminh\u00e3o teria sido furtado de um posto de combust\u00edveis \u00e0s margens da rodovia.<\/p>\n<p>De acordo com o Corpo de Bombeiros da cidade, o caminhoneiro contou que almo\u00e7ava quando percebeu que seu ve\u00edculo havia sido furtado. Durante a fuga, o bandido bateu no micro-\u00f4nibus que transportava uma fam\u00edlia de Ladainha que havia participado de um evento durante o fim de semana.<\/p>\n<p>Com o impacto da batida, o ve\u00edculo da fam\u00edlia tombou. As v\u00edtimas tiveram ferimentos leves e foram por meios pr\u00f3prios para um hospital do munic\u00edpio de Coronel Fabriciano. Uma idosa de 60 anos teve que ser socorrida pelos militares porque reclamava de dores nas costas e pesco\u00e7o.<\/p>\n<p>Um carro de passeio que tamb\u00e9m seguia pela BR-381 n\u00e3o conseguiu frear e ainda bateu no caminh\u00e3o. Ningu\u00e9m do Corsa ficou ferido. Com a confus\u00e3o, o criminoso que furtou o ve\u00edculo conseguiu fugir e ainda n\u00e3o foi localizado.<\/p>\n<p><em>(O Tempo)<\/em><\/p>\n","protected":false},"excerpt":{"rendered":"<p>Ap\u00f3s uma festa de confraterniza\u00e7\u00e3o em fam\u00edlia, 21 pessoas ficaram feridas depois que o micro-\u00f4nibus em que elas estavam foi atingido por um caminh\u00e3o na BR-381, na altura de Coronel Fabriciano, no Vale do A\u00e7o, nesse domingo (22). O caminh\u00e3o teria sido furtado de um posto de combust\u00edveis \u00e0s margens da rodovia. De acordo com [&hellip;]<\/p>\n","protected":false},"author":1,"featured_media":31821,"comment_status":"open","ping_status":"closed","sticky":false,"template":"","format":"standard","meta":{"amp_status":"","footnotes":""},"categories":[123],"tags":[9416,9415,1524,344],"class_list":["post-32623","post","type-post","status-publish","format-standard","has-post-thumbnail","hentry","category-gerais","tag-acidente-com-familia-de-ladainha","tag-colisao-entre-caminhao-e-micro-onibus-deixa-21-pessoas-de-familia-de-ladainha-feridas-na-br-381","tag-coronel-fabriciano","tag-ladainha"],"_links":{"self":[{"href":"https:\/\/aconteceunovale.com.br\/portal\/index.php?rest_route=\/wp\/v2\/posts\/32623","targetHints":{"allow":["GET"]}}],"collection":[{"href":"https:\/\/aconteceunovale.com.br\/portal\/index.php?rest_route=\/wp\/v2\/posts"}],"about":[{"href":"https:\/\/aconteceunovale.com.br\/portal\/index.php?rest_route=\/wp\/v2\/types\/post"}],"author":[{"embeddable":true,"href":"https:\/\/aconteceunovale.com.br\/portal\/index.php?rest_route=\/wp\/v2\/users\/1"}],"replies":[{"embeddable":true,"href":"https:\/\/aconteceunovale.com.br\/portal\/index.php?rest_route=%2Fwp%2Fv2%2Fcomments&post=32623"}],"version-history":[{"count":0,"href":"https:\/\/aconteceunovale.com.br\/portal\/index.php?rest_route=\/wp\/v2\/posts\/32623\/revisions"}],"wp:featuredmedia":[{"embeddable":true,"href":"https:\/\/aconteceunovale.com.br\/portal\/index.php?rest_route=\/wp\/v2\/media\/31821"}],"wp:attachment":[{"href":"https:\/\/aconteceunovale.com.br\/portal\/index.php?rest_route=%2Fwp%2Fv2%2Fmedia&parent=32623"}],"wp:term":[{"taxonomy":"category","embeddable":true,"href":"https:\/\/aconteceunovale.com.br\/portal\/index.php?rest_route=%2Fwp%2Fv2%2Fcategories&post=32623"},{"taxonomy":"post_tag","embeddable":true,"href":"https:\/\/aconteceunovale.com.br\/portal\/index.php?rest_route=%2Fwp%2Fv2%2Ftags&post=32623"}],"curies":[{"name":"wp","href":"https:\/\/api.w.org\/{rel}","templated":true}]}}