{"id":32605,"date":"2014-06-23T10:34:13","date_gmt":"2014-06-23T13:34:13","guid":{"rendered":"http:\/\/aconteceunovale.com.br\/portal\/?p=32605"},"modified":"2014-06-23T10:34:13","modified_gmt":"2014-06-23T13:34:13","slug":"cursos-do-programa-com-licenca-vou-a-luta-transformam-mulheres-da-apac-de-governador-valadares","status":"publish","type":"post","link":"https:\/\/aconteceunovale.com.br\/portal\/?p=32605","title":{"rendered":"Cursos do programa Com Licen\u00e7a, Vou \u00e0 Luta transformam mulheres da Apac de Governador Valadares"},"content":{"rendered":"<p>Todo s\u00e1bado \u00e0 tarde e domingo de manh\u00e3, as recuperandas da Associa\u00e7\u00e3o de Prote\u00e7\u00e3o e Assist\u00eancia aos Condenados (Apac) de Governador Valadares se re\u00fanem no Cantinho da Beleza. No local, um espa\u00e7o amplo e arejado dentro da unidade, elas fazem as unhas, arrumam os cabelos, se maquiam e depilam.<\/p>\n<p>O Cantinho da Beleza foi criado depois que as recuperandas foram capacitadas pelo programa Com Licen\u00e7a, Vou \u00e0 Luta, do Governo de Minas, e que foi desenvolvido na Apac no final de 2013 e in\u00edcio deste ano. A iniciativa promove a qualifica\u00e7\u00e3o profissional de mulheres, para a poss\u00edvel inser\u00e7\u00e3o ao mercado de trabalho ou em atividades de gera\u00e7\u00e3o de renda. Na Associa\u00e7\u00e3o de Prote\u00e7\u00e3o e Assist\u00eancia aos Condenados de Valadares, 26 mulheres foram atendidas pelo programa, que ofereceu cursos de cabeleireiro, manicure, maquiagem, depila\u00e7\u00e3o e corte e costura.<\/p>\n<p><img decoding=\"async\" src=\"http:\/\/aconteceunovale.com.br\/portal\/wp-content\/uploads\/2014\/06\/cursos-do-programa-com-licenca-vou-a-luta-transformam-mulheres-da-apac-de-governador-valadares.jpg\" alt=\"\" \/><em><strong>Programa ofereceu cursos de cabeleireiro, manicure, maquiagem, depila\u00e7\u00e3o e corte e costura &#8211; Foto: APAC Governador Valadares<\/strong><\/em><br \/>\n<\/br><\/p>\n<p>Edna de Souza participou das oficinais profissionalizantes de depila\u00e7\u00e3o, cabeleireiro e corte e costura e contabiliza as vantagens. \u201cMudou muita coisa, agora sei cuidar melhor de mim e das minhas roupas e ainda d\u00e1 para ganhar dinheiro quando eu sair da APAC\u201d, diz ela, que pretende trabalhar em um sal\u00e3o de beleza.<\/p>\n<p>A recuperanda Cristiana Gama tamb\u00e9m pensa em trabalhar com uma das atividades que aprendeu por meio do programa. Ela participou das aulas de manicure, depila\u00e7\u00e3o, cabelereira e corte e costura e, sobre o que mudou em sua vida, enumera: \u201cconhecimento, autoestima e uma profiss\u00e3o\u201d.<\/p>\n<p>Ex-recuperanda, Elisete Maria Wederling, fez os cursos de maquiagem e manicure e, hoje, aplica o que aprendeu com a fam\u00edlia. \u201cNa APAC fazia as unhas das meninas e, agora, fa\u00e7o as minhas e da minha filha. Consegui aprender bem, eles mostram o passo a passo e recebemos apostilas\u201d, completa.<\/p>\n<h4><strong>Forma\u00e7\u00e3o para a Cidadania<\/strong><\/h4>\n<p>Al\u00e9m das oficinas de qualifica\u00e7\u00e3o profissional, o Com Licen\u00e7a, Vou \u00e0 Luta, promove o m\u00f3dulo denominado \u201cForma\u00e7\u00e3o para a Cidadania\u201d. Essa parte do programa tem como objetivo contribuir com a autonomia das mulheres, motivando a busca de melhores condi\u00e7\u00f5es de vida e elevando a autoestima das benefici\u00e1rias.<\/p>\n<p>A gerente administrativa da Apac, Marissol Alves de Oliveira, conta que foram trabalhados temas como a fam\u00edlia e demais rela\u00e7\u00f5es interpessoais e aponta, entre os principais benef\u00edcios gerados, a mudan\u00e7a na apar\u00eancia das mulheres. \u201cIsso conta muito para elas. Quando todas as atividades foram encerradas, trouxemos os familiares para eles verem como essas mulheres estavam bonitas\u201d. Ela lembra que a mudan\u00e7a foi t\u00e3o grande, que gerou um epis\u00f3dio engra\u00e7ado. \u201cFui levar uma das mo\u00e7as para exame criminol\u00f3gico no Pres\u00eddio e a agente n\u00e3o conseguiu saber quem era a gerente da Apac e quem era a recuperanda\u201d, diz.<\/p>\n<p>Segundo Marissol Alves, o programa deu t\u00e3o certo, que ela tomou a iniciativa de levar o curso de depila\u00e7\u00e3o para as mulheres do Pres\u00eddio de Governador Valadares. \u201cA participa\u00e7\u00e3o foi \u00f3tima, um sucesso\u201d, lembra. Vinte cinco detentas fizeram o curso, conclu\u00eddo em maio deste ano.<\/p>\n<p>O programa Com Licen\u00e7a, Vou \u00e0 Luta \u00e9 coordenado pela Secretaria de Estado de Trabalho e Desenvolvimento Social (Sedese). Criado em 2012, desde ent\u00e3o atendeu a mais de 3 mil mulheres em todo o Estado. Na regi\u00e3o Leste, al\u00e9m de Governador Valadares receberam o programa A\u00e7ucena, Campan\u00e1rio e S\u00e3o Geraldo da Piedade.<\/p>\n","protected":false},"excerpt":{"rendered":"<p>Todo s\u00e1bado \u00e0 tarde e domingo de manh\u00e3, as recuperandas da Associa\u00e7\u00e3o de Prote\u00e7\u00e3o e Assist\u00eancia aos Condenados (Apac) de Governador Valadares se re\u00fanem no Cantinho da Beleza. No local, um espa\u00e7o amplo e arejado dentro da unidade, elas fazem as unhas, arrumam os cabelos, se maquiam e depilam. O Cantinho da Beleza foi criado [&hellip;]<\/p>\n","protected":false},"author":1,"featured_media":32606,"comment_status":"open","ping_status":"closed","sticky":false,"template":"","format":"standard","meta":{"amp_status":"","footnotes":""},"categories":[121],"tags":[971,9405,277,1018,247,317],"class_list":["post-32605","post","type-post","status-publish","format-standard","has-post-thumbnail","hentry","category-leste","tag-acucena","tag-apac-de-governador-valadares","tag-campanario","tag-destaque","tag-governador-valadares","tag-sao-geraldo-da-piedade"],"_links":{"self":[{"href":"https:\/\/aconteceunovale.com.br\/portal\/index.php?rest_route=\/wp\/v2\/posts\/32605","targetHints":{"allow":["GET"]}}],"collection":[{"href":"https:\/\/aconteceunovale.com.br\/portal\/index.php?rest_route=\/wp\/v2\/posts"}],"about":[{"href":"https:\/\/aconteceunovale.com.br\/portal\/index.php?rest_route=\/wp\/v2\/types\/post"}],"author":[{"embeddable":true,"href":"https:\/\/aconteceunovale.com.br\/portal\/index.php?rest_route=\/wp\/v2\/users\/1"}],"replies":[{"embeddable":true,"href":"https:\/\/aconteceunovale.com.br\/portal\/index.php?rest_route=%2Fwp%2Fv2%2Fcomments&post=32605"}],"version-history":[{"count":0,"href":"https:\/\/aconteceunovale.com.br\/portal\/index.php?rest_route=\/wp\/v2\/posts\/32605\/revisions"}],"wp:featuredmedia":[{"embeddable":true,"href":"https:\/\/aconteceunovale.com.br\/portal\/index.php?rest_route=\/wp\/v2\/media\/32606"}],"wp:attachment":[{"href":"https:\/\/aconteceunovale.com.br\/portal\/index.php?rest_route=%2Fwp%2Fv2%2Fmedia&parent=32605"}],"wp:term":[{"taxonomy":"category","embeddable":true,"href":"https:\/\/aconteceunovale.com.br\/portal\/index.php?rest_route=%2Fwp%2Fv2%2Fcategories&post=32605"},{"taxonomy":"post_tag","embeddable":true,"href":"https:\/\/aconteceunovale.com.br\/portal\/index.php?rest_route=%2Fwp%2Fv2%2Ftags&post=32605"}],"curies":[{"name":"wp","href":"https:\/\/api.w.org\/{rel}","templated":true}]}}