{"id":32545,"date":"2014-06-22T11:11:22","date_gmt":"2014-06-22T14:11:22","guid":{"rendered":"http:\/\/aconteceunovale.com.br\/portal\/?p=32545"},"modified":"2014-06-22T11:15:15","modified_gmt":"2014-06-22T14:15:15","slug":"equipes-do-vale-do-jequitinhonha-classificam-para-a-etapa-estadual-do-jemg","status":"publish","type":"post","link":"https:\/\/aconteceunovale.com.br\/portal\/?p=32545","title":{"rendered":"Equipes do Vale do Jequitinhonha classificam para a etapa estadual do JEMG"},"content":{"rendered":"<p>Mais uma vez equipes de alunos das escolas p\u00fablicas do Vale do Jequitinhonha mostraram talento nos Jogos Escolares de Minas Gerais (JEMG). <\/p>\n<p>Durante a etapa regional, disputada em Montes Claros e Jo\u00e3o Monlevade, de 7 a 12 de junho, atletas do Vale brilharam e conseguiram a classifica\u00e7\u00e3o para a disputa da etapa estadual durante o per\u00edodo de 4 a 9 de agosto, em Uberaba, no Tri\u00e2ngulo Mineiro.<\/p>\n<p>Duas equipes de futsal, uma equipe de basquete e um jogador de xadrez se classificaram. A Escola Estadual Rosarinha Pimentinha, de Capelinha, se classificou com a equipe de futsal feminino no m\u00f3dulo II e com o atleta de xadrez pelo m\u00f3dulo I, Jos\u00e9 Vitor Moreira Duarte. J\u00e1 a Escola Estadual An\u00edbal Melo, de Medina, se classificou com uma equipe de futsal feminino, e a Escola Estadual Professor Ant\u00f4nio Gomes Moreira, de Joa\u00edma, se classificou na categoria basquetebol masculino pelo m\u00f3dulo II. No xadrez masculino do m\u00f3dulo II, o atleta Taynan Ribeiro Cardoso, de Jequitinhonha conseguiu a classifica\u00e7\u00e3o da Escola Estadual S\u00e3o Miguel.<\/p>\n<p>Outras cidades dos Vales do Rio Doce e Mucuri e do Norte de Minas tamb\u00e9m se descaram na etapa regional do JEMG. Confira abaixo a lista de classificados:<\/p>\n<p><a href=\"http:\/\/jogosescolares.esportes.mg.gov.br\/wp-content\/uploads\/2012\/12\/P%C3%B3s-Release-Montes-Claros1.pdf\" target=\"_blank\">&#8211; Classificados para Etapa Estadual &#8211; Etapa Montes Claros<\/a><\/p>\n<p><a href=\"http:\/\/jogosescolares.esportes.mg.gov.br\/wp-content\/uploads\/2012\/12\/P%C3%B3s-Release-Jo%C3%A3o-Monlevade1.pdf\" target=\"_blank\">&#8211; Classificados para Etapa Estadual &#8211; Etapa Jo\u00e3o Monlevade<\/a><\/p>\n<p><img decoding=\"async\" src=\"http:\/\/aconteceunovale.com.br\/portal\/wp-content\/uploads\/2014\/06\/futsal_feminino_cap_classificado_estadual_jemg.jpg\" alt=\"\" \/><strong><em>Equipe de Futsal Feminino da E.E. Rosarinha Pimentinha, de Capelinha &#8211; Foto: Divulga\u00e7\u00e3o<\/em><\/strong><\/p>\n","protected":false},"excerpt":{"rendered":"<p>Mais uma vez equipes de alunos das escolas p\u00fablicas do Vale do Jequitinhonha mostraram talento nos Jogos Escolares de Minas Gerais (JEMG). Durante a etapa regional, disputada em Montes Claros e Jo\u00e3o Monlevade, de 7 a 12 de junho, atletas do Vale brilharam e conseguiram a classifica\u00e7\u00e3o para a disputa da etapa estadual durante o [&hellip;]<\/p>\n","protected":false},"author":1,"featured_media":32546,"comment_status":"open","ping_status":"closed","sticky":false,"template":"","format":"standard","meta":{"amp_status":"","footnotes":""},"categories":[120],"tags":[1536,9324,1535,132,9312,9308,9304,9345,3057,9327,9307,9309,282,1018,9300,9310,9339,9338,9302,9330,9337,9334,9343,9329,9340,9322,9318,9326,9346,9313,9336,9347,9321,2249,8455,9303,9311,9315,9325,9335,9323,9320,9301,9349,9342,9317,9305,9328,9331,9316,9344,9333,9319,9306,9348,290,247,1153,201,202,1705,297,204,611,1102,389,210,1717,9341,306,9332,313,1522,1739,1810,1811,9314,419,164,1105,206030],"class_list":["post-32545","post","type-post","status-publish","format-standard","has-post-thumbnail","hentry","category-jequi","tag-aguas-formosas","tag-bocauva","tag-buritizeiro","tag-capelinha","tag-centro-de-estudos-indyu","tag-centro-educacional-e-cultura","tag-centro-educacional-mendes-e-santos","tag-centro-educacional-municipal-sao-goncalo-do-rio-abaixo","tag-chapada-gaucha","tag-colegio-ibituruna","tag-colegio-padrao","tag-colegio-solido-medio","tag-conselheiro-pena","tag-destaque","tag-equipes-do-vale-do-jequitinhonha-classificam-para-a-etapa-estadual-do-jemg","tag-escola-estadual-afonso-arinos","tag-escola-estadual-alberto-giovannini","tag-escola-estadual-alfredo-sa","tag-escola-estadual-anibal-melo","tag-escola-estadual-carlota-de-andrade","tag-escola-estadual-de-conselheiro-pena","tag-escola-estadual-dr-waldemar-neves-da-rocha","tag-escola-estadual-frei-inocencio","tag-escola-estadual-guilhermina-pena","tag-escola-estadual-joao-bernardino-de-souza","tag-escola-estadual-joaquim-mauricio-azevedo","tag-escola-estadual-jose-bernardino","tag-escola-estadual-jose-quaresma-da-costa","tag-escola-estadual-josefina-vieira","tag-escola-estadual-josefino-barbosa","tag-escola-estadual-mestre-zeca-amancio","tag-escola-estadual-ministro-francisco-campos","tag-escola-estadual-moacir-candido","tag-escola-estadual-oswaldo-lucas-mendes","tag-escola-estadual-presidente-tancredo-neves","tag-escola-estadual-professor-antonio-gomes-moreira","tag-escola-estadual-professor-bicalho","tag-escola-estadual-professor-dinoe-mendes","tag-escola-estadual-professor-josefino-barbosa","tag-escola-estadual-professor-nelson-de-sena","tag-escola-estadual-professor-raul-reginaldo","tag-escola-estadual-professora-silvia-alencar","tag-escola-estadual-rosarinha-pimentinha","tag-escola-estadual-sao-miguel","tag-escola-estadual-senador-simao-da-cunha","tag-escola-estadual-zinha-meira","tag-escola-janaubense","tag-escola-municipal-arthur-bernardes","tag-escola-municipal-bernardo-ferreira-guimaraes","tag-escola-municipal-dario-carneiro","tag-escola-municipal-de-timoteo","tag-escola-municipal-irma-maria-amalia","tag-escola-municipal-onias-torres-guedes","tag-escola-municipal-teodomiro-correa","tag-escola-tiradentes","tag-frei-inocencio","tag-governador-valadares","tag-grao-mogol","tag-ipatinga","tag-itabira","tag-itacarambi","tag-itanhomi","tag-janauba","tag-joaima","tag-joao-monlevade","tag-medina","tag-montes-claros","tag-mutum","tag-novo-horizonte","tag-pecanha","tag-rio-piracicaba","tag-santa-rita-de-minas","tag-sao-francisco","tag-sao-goncalo-do-rio-abaixo","tag-sao-joao-das-missoes","tag-sao-romao","tag-sociedade-educacional-janaubense","tag-taiobeiras","tag-teofilo-otoni","tag-timoteo","tag-jequi"],"_links":{"self":[{"href":"https:\/\/aconteceunovale.com.br\/portal\/index.php?rest_route=\/wp\/v2\/posts\/32545","targetHints":{"allow":["GET"]}}],"collection":[{"href":"https:\/\/aconteceunovale.com.br\/portal\/index.php?rest_route=\/wp\/v2\/posts"}],"about":[{"href":"https:\/\/aconteceunovale.com.br\/portal\/index.php?rest_route=\/wp\/v2\/types\/post"}],"author":[{"embeddable":true,"href":"https:\/\/aconteceunovale.com.br\/portal\/index.php?rest_route=\/wp\/v2\/users\/1"}],"replies":[{"embeddable":true,"href":"https:\/\/aconteceunovale.com.br\/portal\/index.php?rest_route=%2Fwp%2Fv2%2Fcomments&post=32545"}],"version-history":[{"count":0,"href":"https:\/\/aconteceunovale.com.br\/portal\/index.php?rest_route=\/wp\/v2\/posts\/32545\/revisions"}],"wp:featuredmedia":[{"embeddable":true,"href":"https:\/\/aconteceunovale.com.br\/portal\/index.php?rest_route=\/wp\/v2\/media\/32546"}],"wp:attachment":[{"href":"https:\/\/aconteceunovale.com.br\/portal\/index.php?rest_route=%2Fwp%2Fv2%2Fmedia&parent=32545"}],"wp:term":[{"taxonomy":"category","embeddable":true,"href":"https:\/\/aconteceunovale.com.br\/portal\/index.php?rest_route=%2Fwp%2Fv2%2Fcategories&post=32545"},{"taxonomy":"post_tag","embeddable":true,"href":"https:\/\/aconteceunovale.com.br\/portal\/index.php?rest_route=%2Fwp%2Fv2%2Ftags&post=32545"}],"curies":[{"name":"wp","href":"https:\/\/api.w.org\/{rel}","templated":true}]}}