{"id":32542,"date":"2014-06-22T10:30:00","date_gmt":"2014-06-22T13:30:00","guid":{"rendered":"http:\/\/aconteceunovale.com.br\/portal\/?p=32542"},"modified":"2014-06-22T10:30:00","modified_gmt":"2014-06-22T13:30:00","slug":"policia-militar-apreende-menores-suspeitos-de-trafico-de-drogas-em-sao-francisco","status":"publish","type":"post","link":"https:\/\/aconteceunovale.com.br\/portal\/?p=32542","title":{"rendered":"Pol\u00edcia Militar apreende menores suspeitos de tr\u00e1fico de drogas em S\u00e3o Francisco"},"content":{"rendered":"<h4><em>Com os suspeitos foram apreendidos 122 pedras de crack. Parte da droga estava em um saco pl\u00e1stico no quintal da casa de um deles.<\/em><\/h4>\n<p>Dois menores foram apreendidos na manh\u00e3 deste domingo (22) por suspeita de infra\u00e7\u00e3o an\u00e1loga ao crime de tr\u00e1fico de drogas em S\u00e3o Francisco, Norte de Minas Gerais. Segundo a Pol\u00edcia Militar, os adolescentes, de 15 e 16 anos, estavam em um local conhecido como ponto de tr\u00e1fico de drogas no bairro Vila Vicentina.<\/p>\n<p>Ainda segundo a PM, a pol\u00edcia encontrou com os menores uma pedra de crack e dinheiro. Durante a abordagem eles informaram \u00e0 pol\u00edcia que na casa de um deles tinham um volume com algumas pedras.<\/p>\n<p>Ao chegarem \u00e0 resid\u00eancia do menor, segundo a PM, a m\u00e3e franqueou  a entrada dos policiais que encontraram em um saco pl\u00e1stico mais 121 pedras da droga.<\/p>\n<p>Os menores foram apreendidos e encaminhados \u00e0 delegacia de Janu\u00e1ria. (G1)<\/p>\n","protected":false},"excerpt":{"rendered":"<p>Com os suspeitos foram apreendidos 122 pedras de crack. Parte da droga estava em um saco pl\u00e1stico no quintal da casa de um deles. Dois menores foram apreendidos na manh\u00e3 deste domingo (22) por suspeita de infra\u00e7\u00e3o an\u00e1loga ao crime de tr\u00e1fico de drogas em S\u00e3o Francisco, Norte de Minas Gerais. Segundo a Pol\u00edcia Militar, [&hellip;]<\/p>\n","protected":false},"author":1,"featured_media":32543,"comment_status":"open","ping_status":"closed","sticky":false,"template":"","format":"standard","meta":{"amp_status":"","footnotes":""},"categories":[1236],"tags":[9299,1522],"class_list":["post-32542","post","type-post","status-publish","format-standard","has-post-thumbnail","hentry","category-norte_de_minas","tag-policia-militar-apreende-menores-suspeitos-de-trafico-de-drogas-em-sao-francisco","tag-sao-francisco"],"_links":{"self":[{"href":"https:\/\/aconteceunovale.com.br\/portal\/index.php?rest_route=\/wp\/v2\/posts\/32542","targetHints":{"allow":["GET"]}}],"collection":[{"href":"https:\/\/aconteceunovale.com.br\/portal\/index.php?rest_route=\/wp\/v2\/posts"}],"about":[{"href":"https:\/\/aconteceunovale.com.br\/portal\/index.php?rest_route=\/wp\/v2\/types\/post"}],"author":[{"embeddable":true,"href":"https:\/\/aconteceunovale.com.br\/portal\/index.php?rest_route=\/wp\/v2\/users\/1"}],"replies":[{"embeddable":true,"href":"https:\/\/aconteceunovale.com.br\/portal\/index.php?rest_route=%2Fwp%2Fv2%2Fcomments&post=32542"}],"version-history":[{"count":0,"href":"https:\/\/aconteceunovale.com.br\/portal\/index.php?rest_route=\/wp\/v2\/posts\/32542\/revisions"}],"wp:featuredmedia":[{"embeddable":true,"href":"https:\/\/aconteceunovale.com.br\/portal\/index.php?rest_route=\/wp\/v2\/media\/32543"}],"wp:attachment":[{"href":"https:\/\/aconteceunovale.com.br\/portal\/index.php?rest_route=%2Fwp%2Fv2%2Fmedia&parent=32542"}],"wp:term":[{"taxonomy":"category","embeddable":true,"href":"https:\/\/aconteceunovale.com.br\/portal\/index.php?rest_route=%2Fwp%2Fv2%2Fcategories&post=32542"},{"taxonomy":"post_tag","embeddable":true,"href":"https:\/\/aconteceunovale.com.br\/portal\/index.php?rest_route=%2Fwp%2Fv2%2Ftags&post=32542"}],"curies":[{"name":"wp","href":"https:\/\/api.w.org\/{rel}","templated":true}]}}