{"id":32526,"date":"2014-06-21T21:20:22","date_gmt":"2014-06-22T00:20:22","guid":{"rendered":"http:\/\/aconteceunovale.com.br\/portal\/?p=32526"},"modified":"2014-06-21T21:20:39","modified_gmt":"2014-06-22T00:20:39","slug":"adolescente-de-15-anos-e-morto-a-tiros-no-bairro-novo-tempo-em-timoteo","status":"publish","type":"post","link":"https:\/\/aconteceunovale.com.br\/portal\/?p=32526","title":{"rendered":"Adolescente de 15 anos \u00e9 morto a tiros no Bairro Novo Tempo em Tim\u00f3teo"},"content":{"rendered":"<p>Um adolescente de 15 anos foi assassinado a tiros na manh\u00e3 deste s\u00e1bado, 21 de junho, no bairro Novo Tempo em Tim\u00f3teo, no Leste de Minas Gerais. De acordo com informa\u00e7\u00f5es da Pol\u00edcia Militar, a v\u00edtima foi atingida por tr\u00eas disparos de arma de fogo.<\/p>\n<p>Ainda segundo a PM, uma den\u00fancia an\u00f4nima informou que a v\u00edtima teria sido perseguida na Avenida Ana Moura, onde recebeu os tiros. A v\u00edtima foi atingida na cabe\u00e7a, costas e na coxa direita.<\/p>\n<p>A Pol\u00edcia Militar suspeita que o crime tenha sido executado a mando de um traficante da regi\u00e3o.<\/p>\n<p>O corpo foi removido do local e encaminhado para o Instituto M\u00e9dico Legal de Ipatinga para os procedimentos de praxe. Rastreamentos s\u00e3o realizados na tentativa de localizar e prender o autor da a\u00e7\u00e3o criminosa, mas at\u00e9 o momento sem \u00eaxito.<\/p>\n<p><img decoding=\"async\" src=\"http:\/\/aconteceunovale.com.br\/portal\/wp-content\/uploads\/2014\/06\/homicidio_menor_timoteo_21_6.jpg\" alt=\"\" \/><strong><em>Muitos curiosos foram ao local do crime (Foto: Wilkson Tarres \/ G1)<\/em><\/strong><\/p>\n","protected":false},"excerpt":{"rendered":"<p>Um adolescente de 15 anos foi assassinado a tiros na manh\u00e3 deste s\u00e1bado, 21 de junho, no bairro Novo Tempo em Tim\u00f3teo, no Leste de Minas Gerais. De acordo com informa\u00e7\u00f5es da Pol\u00edcia Militar, a v\u00edtima foi atingida por tr\u00eas disparos de arma de fogo. Ainda segundo a PM, uma den\u00fancia an\u00f4nima informou que a [&hellip;]<\/p>\n","protected":false},"author":1,"featured_media":32527,"comment_status":"open","ping_status":"closed","sticky":false,"template":"","format":"standard","meta":{"amp_status":"","footnotes":""},"categories":[121],"tags":[9292,9293,1105],"class_list":["post-32526","post","type-post","status-publish","format-standard","has-post-thumbnail","hentry","category-leste","tag-adolescente-de-15-anos-e-morto-a-tiros-no-bairro-novo-tempo-em-timoteo","tag-assassinato-de-menor-no-bairro-novo-tempo-em-timoteo","tag-timoteo"],"_links":{"self":[{"href":"https:\/\/aconteceunovale.com.br\/portal\/index.php?rest_route=\/wp\/v2\/posts\/32526","targetHints":{"allow":["GET"]}}],"collection":[{"href":"https:\/\/aconteceunovale.com.br\/portal\/index.php?rest_route=\/wp\/v2\/posts"}],"about":[{"href":"https:\/\/aconteceunovale.com.br\/portal\/index.php?rest_route=\/wp\/v2\/types\/post"}],"author":[{"embeddable":true,"href":"https:\/\/aconteceunovale.com.br\/portal\/index.php?rest_route=\/wp\/v2\/users\/1"}],"replies":[{"embeddable":true,"href":"https:\/\/aconteceunovale.com.br\/portal\/index.php?rest_route=%2Fwp%2Fv2%2Fcomments&post=32526"}],"version-history":[{"count":0,"href":"https:\/\/aconteceunovale.com.br\/portal\/index.php?rest_route=\/wp\/v2\/posts\/32526\/revisions"}],"wp:featuredmedia":[{"embeddable":true,"href":"https:\/\/aconteceunovale.com.br\/portal\/index.php?rest_route=\/wp\/v2\/media\/32527"}],"wp:attachment":[{"href":"https:\/\/aconteceunovale.com.br\/portal\/index.php?rest_route=%2Fwp%2Fv2%2Fmedia&parent=32526"}],"wp:term":[{"taxonomy":"category","embeddable":true,"href":"https:\/\/aconteceunovale.com.br\/portal\/index.php?rest_route=%2Fwp%2Fv2%2Fcategories&post=32526"},{"taxonomy":"post_tag","embeddable":true,"href":"https:\/\/aconteceunovale.com.br\/portal\/index.php?rest_route=%2Fwp%2Fv2%2Ftags&post=32526"}],"curies":[{"name":"wp","href":"https:\/\/api.w.org\/{rel}","templated":true}]}}