{"id":32519,"date":"2014-06-21T19:21:41","date_gmt":"2014-06-21T22:21:41","guid":{"rendered":"http:\/\/aconteceunovale.com.br\/portal\/?p=32519"},"modified":"2014-06-21T19:23:37","modified_gmt":"2014-06-21T22:23:37","slug":"uma-pessoa-morre-e-cinco-ficam-feridas-em-batida-entre-van-e-carreta-carregada-de-cachaca-em-minas","status":"publish","type":"post","link":"https:\/\/aconteceunovale.com.br\/portal\/?p=32519","title":{"rendered":"Batida entre van e carreta carregada de cacha\u00e7a deixa um morto e cinco feridos em Minas Gerais"},"content":{"rendered":"<p>O motorista de uma van morreu e outras cinco pessoas ficaram feridas em um acidente na manh\u00e3 deste s\u00e1bado, 21 de junho, na BR-153, em Frutal, Minas Gerais. De acordo com a Pol\u00edcia Rodovi\u00e1ria Federal, a colis\u00e3o frontal entre uma carreta carregada de cacha\u00e7a e uma van foi registrada na altura do quil\u00f4metro 193. Ap\u00f3s a batida, a carreta pegou fogo e a rodovia precisou ser interditada por volta das 7h30. A pista s\u00f3 foi liberada \u00e0s 13h20, ap\u00f3s quase seis horas de conten\u00e7\u00e3o do tr\u00e1fico.<\/p>\n<p>O Corpo de Bombeiros de Frutal encaminhou quatro viaturas ao local para tentar conter o fogo, mas somente por volta das 10h as chamas foram apagadas. De acordo com os militares, uma das rodas da van se soltou e o motorista perdeu o controle do ve\u00edculo batendo de frente com a carreta. Ele morreu na hora e dois passageiros tiveram ferimentos leves, sendo encaminhados a um hospital da regi\u00e3o. <\/p>\n<p>O motorista da carreta e os dois passageiros conseguiram sair antes que o fogo se alastrasse no ve\u00edculo, que foi completamente destru\u00eddo. Eles tamb\u00e9m tiveram ferimentos leves, sendo socorridos e encaminhados para atendimento m\u00e9dico.<\/p>\n<p><img decoding=\"async\" src=\"http:\/\/aconteceunovale.com.br\/portal\/wp-content\/uploads\/2014\/06\/acidente_frutal_21_6_1.jpg\" alt=\"\" \/><\/p>\n<p><img decoding=\"async\" src=\"http:\/\/aconteceunovale.com.br\/portal\/wp-content\/uploads\/2014\/06\/acidente_frutal_21_6_2.jpg\" alt=\"\" \/><\/p>\n<p><img decoding=\"async\" src=\"http:\/\/aconteceunovale.com.br\/portal\/wp-content\/uploads\/2014\/06\/acidente_frutal_21_6_3.jpg\" alt=\"\" \/><\/p>\n<p><img decoding=\"async\" src=\"http:\/\/aconteceunovale.com.br\/portal\/wp-content\/uploads\/2014\/06\/acidente_frutal_21_6_4.jpg\" alt=\"\" \/><\/p>\n<p><strong><em>(Fotos: Divulga\u00e7\u00e3o Pol\u00edcia Rodovi\u00e1ria Federal)<\/em><\/strong><\/p>\n","protected":false},"excerpt":{"rendered":"<p>O motorista de uma van morreu e outras cinco pessoas ficaram feridas em um acidente na manh\u00e3 deste s\u00e1bado, 21 de junho, na BR-153, em Frutal, Minas Gerais. De acordo com a Pol\u00edcia Rodovi\u00e1ria Federal, a colis\u00e3o frontal entre uma carreta carregada de cacha\u00e7a e uma van foi registrada na altura do quil\u00f4metro 193. Ap\u00f3s [&hellip;]<\/p>\n","protected":false},"author":1,"featured_media":32520,"comment_status":"open","ping_status":"closed","sticky":false,"template":"","format":"standard","meta":{"amp_status":"","footnotes":""},"categories":[123],"tags":[9288,9290,9287,9289,9291,9286,1018,200,1552,9285],"class_list":["post-32519","post","type-post","status-publish","format-standard","has-post-thumbnail","hentry","category-gerais","tag-acidente-com-belmiro-de-freitas","tag-acidente-com-belmiro-de-freitas-de-prata","tag-acidente-com-carreta-de-cachaca-em-frutal","tag-acidente-com-motorista-da-construtora-triunfo","tag-batida-entre-van-e-carreta-carregada-de-cachaca-deixa-um-morto-e-cinco-feridos-em-minas-gerais","tag-batida-entre-van-e-carreta-de-cachaca-em-frutal","tag-destaque","tag-frutal","tag-prata","tag-uma-pessoa-morre-e-cinco-ficam-feridas-em-batida-entre-van-e-carreta-carregada-de-cachaca-em-minas-gerais"],"_links":{"self":[{"href":"https:\/\/aconteceunovale.com.br\/portal\/index.php?rest_route=\/wp\/v2\/posts\/32519","targetHints":{"allow":["GET"]}}],"collection":[{"href":"https:\/\/aconteceunovale.com.br\/portal\/index.php?rest_route=\/wp\/v2\/posts"}],"about":[{"href":"https:\/\/aconteceunovale.com.br\/portal\/index.php?rest_route=\/wp\/v2\/types\/post"}],"author":[{"embeddable":true,"href":"https:\/\/aconteceunovale.com.br\/portal\/index.php?rest_route=\/wp\/v2\/users\/1"}],"replies":[{"embeddable":true,"href":"https:\/\/aconteceunovale.com.br\/portal\/index.php?rest_route=%2Fwp%2Fv2%2Fcomments&post=32519"}],"version-history":[{"count":0,"href":"https:\/\/aconteceunovale.com.br\/portal\/index.php?rest_route=\/wp\/v2\/posts\/32519\/revisions"}],"wp:featuredmedia":[{"embeddable":true,"href":"https:\/\/aconteceunovale.com.br\/portal\/index.php?rest_route=\/wp\/v2\/media\/32520"}],"wp:attachment":[{"href":"https:\/\/aconteceunovale.com.br\/portal\/index.php?rest_route=%2Fwp%2Fv2%2Fmedia&parent=32519"}],"wp:term":[{"taxonomy":"category","embeddable":true,"href":"https:\/\/aconteceunovale.com.br\/portal\/index.php?rest_route=%2Fwp%2Fv2%2Fcategories&post=32519"},{"taxonomy":"post_tag","embeddable":true,"href":"https:\/\/aconteceunovale.com.br\/portal\/index.php?rest_route=%2Fwp%2Fv2%2Ftags&post=32519"}],"curies":[{"name":"wp","href":"https:\/\/api.w.org\/{rel}","templated":true}]}}