{"id":32515,"date":"2014-06-21T18:49:21","date_gmt":"2014-06-21T21:49:21","guid":{"rendered":"http:\/\/aconteceunovale.com.br\/portal\/?p=32515"},"modified":"2014-06-21T18:50:40","modified_gmt":"2014-06-21T21:50:40","slug":"goleiro-bruno-ja-esta-em-penitenciaria-do-norte-de-minas","status":"publish","type":"post","link":"https:\/\/aconteceunovale.com.br\/portal\/?p=32515","title":{"rendered":"Goleiro Bruno j\u00e1 est\u00e1 em penitenci\u00e1ria do Norte de Minas"},"content":{"rendered":"<p>J\u00e1 est\u00e1 na Penitenci\u00e1ria de Seguran\u00e7a M\u00e1xima de Francisco S\u00e1, no Norte de Minas Gerais, o goleiro Bruno Fernandes. Ele foi transferido da Penitenci\u00e1ria Nelson Hungria, em Contagem, na Grande BH, para o interior de Minas na tarde dessa sexta-feira (20).<\/p>\n<p>A Superintend\u00eancia de Administra\u00e7\u00e3o Prisional (Suapi) confirmou, em nota, que ele chegou ao pres\u00eddio por volta das 13h. A transfer\u00eancia foi feita sob sigilo, e o preso foi escoltado desde Belo Horizonte pelo Comando de Opera\u00e7\u00f5es Penitenci\u00e1rias Especiais (Cope).<\/p>\n<p><img decoding=\"async\" src=\"http:\/\/aconteceunovale.com.br\/portal\/wp-content\/uploads\/2014\/06\/penitencias_fransico_sa.jpg\" alt=\"\" \/><em><strong>Bruno foi transferido para a Penitenci\u00e1ria de Francisco S\u00e1 na tarde desta sexta-feira (20) &#8211; (Foto: Valdivan Veloso\/G1)<\/strong><\/em><br \/>\n<\/br><\/p>\n<p>Segundo a nota, o ex-goleiro passou por atendimento m\u00e9dico, jur\u00eddico e psicol\u00f3gico na chegada \u00e0 unidade, e o cadastro s\u00f3 foi finalizado na manh\u00e3 deste s\u00e1bado (21). Bruno est\u00e1 preso desde julho de 2010 e cumpre pena de 22 anos e 3 meses de reclus\u00e3o pela morte da ex-amante Eliza Samudio.<\/p>\n<p>A transfer\u00eancia foi pedida pela defesa do goleiro durante a negocia\u00e7\u00e3o de um contrato de cinco anos assinado pelo atleta no dia 28 de fevereiro com o Montes Claros FC, time de mesmo nome da cidade, no Norte de Minas. A equipe disputa o M\u00f3dulo II do Campeonato Mineiro. O presidente do time, Ville Mocelin, disse que n\u00e3o foi comunicado oficialmente pelos advogados de Bruno sobre a chegada do goleiro.<\/p>\n<p>O objetivo dos advogados de defesa do goleiro \u00e9 que ele cumpra pena perto do clube, ele possa conseguir a libera\u00e7\u00e3o para voltar aos gramados. A nota divulgada pela Suapi afirma ainda que a esposa dele mora em Montes Claros, e que esse foi o motivo da transfer\u00eancia.<\/p>\n<p>Em mar\u00e7o deste ano, a defesa de Bruno tentou a transfer\u00eancia para o pres\u00eddio de Montes Claros, o que foi negado pelo juiz da Vara de Execu\u00e7\u00f5es Penais, Francisco Lacerda, que alegou superlota\u00e7\u00e3o no local.<\/p>\n<p>Posteriormente foi feito um pedido para que ele pudesse trabalhar, o que foi negado pelo juiz da Vara de Execu\u00e7\u00f5es Penais de Contagem, Wagner Cavalieri. A decis\u00e3o cabe agora ao juiz da Vara de Execu\u00e7\u00f5es Penais de Francisco S\u00e1, Flambo da Costa.<\/p>\n<p>A cidade de Francisco S\u00e1 fica a 55 quil\u00f4metros de Montes Claros. J\u00e1 a Penitenci\u00e1ria est\u00e1 a 10 quil\u00f4metros da cidade e o acesso \u00e9 por uma estrada de terra. <\/p>\n<p><strong><em>(Inter TV Grande Minas \/ G1)<\/em><\/strong><\/p>\n","protected":false},"excerpt":{"rendered":"<p>J\u00e1 est\u00e1 na Penitenci\u00e1ria de Seguran\u00e7a M\u00e1xima de Francisco S\u00e1, no Norte de Minas Gerais, o goleiro Bruno Fernandes. Ele foi transferido da Penitenci\u00e1ria Nelson Hungria, em Contagem, na Grande BH, para o interior de Minas na tarde dessa sexta-feira (20). A Superintend\u00eancia de Administra\u00e7\u00e3o Prisional (Suapi) confirmou, em nota, que ele chegou ao pres\u00eddio [&hellip;]<\/p>\n","protected":false},"author":1,"featured_media":22543,"comment_status":"open","ping_status":"closed","sticky":false,"template":"","format":"standard","meta":{"amp_status":"","footnotes":""},"categories":[1236],"tags":[1018,1395,3752,9284,210,3753],"class_list":["post-32515","post","type-post","status-publish","format-standard","has-post-thumbnail","hentry","category-norte_de_minas","tag-destaque","tag-francisco-sa","tag-goleiro-bruno","tag-goleiro-bruno-ja-esta-em-penitenciaria-do-norte-de-minas","tag-montes-claros","tag-montes-claros-futebol-clube"],"_links":{"self":[{"href":"https:\/\/aconteceunovale.com.br\/portal\/index.php?rest_route=\/wp\/v2\/posts\/32515","targetHints":{"allow":["GET"]}}],"collection":[{"href":"https:\/\/aconteceunovale.com.br\/portal\/index.php?rest_route=\/wp\/v2\/posts"}],"about":[{"href":"https:\/\/aconteceunovale.com.br\/portal\/index.php?rest_route=\/wp\/v2\/types\/post"}],"author":[{"embeddable":true,"href":"https:\/\/aconteceunovale.com.br\/portal\/index.php?rest_route=\/wp\/v2\/users\/1"}],"replies":[{"embeddable":true,"href":"https:\/\/aconteceunovale.com.br\/portal\/index.php?rest_route=%2Fwp%2Fv2%2Fcomments&post=32515"}],"version-history":[{"count":0,"href":"https:\/\/aconteceunovale.com.br\/portal\/index.php?rest_route=\/wp\/v2\/posts\/32515\/revisions"}],"wp:featuredmedia":[{"embeddable":true,"href":"https:\/\/aconteceunovale.com.br\/portal\/index.php?rest_route=\/wp\/v2\/media\/22543"}],"wp:attachment":[{"href":"https:\/\/aconteceunovale.com.br\/portal\/index.php?rest_route=%2Fwp%2Fv2%2Fmedia&parent=32515"}],"wp:term":[{"taxonomy":"category","embeddable":true,"href":"https:\/\/aconteceunovale.com.br\/portal\/index.php?rest_route=%2Fwp%2Fv2%2Fcategories&post=32515"},{"taxonomy":"post_tag","embeddable":true,"href":"https:\/\/aconteceunovale.com.br\/portal\/index.php?rest_route=%2Fwp%2Fv2%2Ftags&post=32515"}],"curies":[{"name":"wp","href":"https:\/\/api.w.org\/{rel}","templated":true}]}}