{"id":32455,"date":"2014-06-20T17:06:16","date_gmt":"2014-06-20T20:06:16","guid":{"rendered":"http:\/\/aconteceunovale.com.br\/portal\/?p=32455"},"modified":"2014-06-20T17:06:16","modified_gmt":"2014-06-20T20:06:16","slug":"fe-e-tradicao-marcam-a-festa-do-rosario-em-serro","status":"publish","type":"post","link":"https:\/\/aconteceunovale.com.br\/portal\/?p=32455","title":{"rendered":"F\u00e9 e tradi\u00e7\u00e3o marcam a Festa do Ros\u00e1rio em Serro"},"content":{"rendered":"<p>De 27 de junho a 07 de julho acontece mais uma edi\u00e7\u00e3o da tradicional Festa do Ros\u00e1rio, na cidade de Serro. A festa, de cunho religioso e folcl\u00f3rico \u00e9 promovida anualmente pela Irmandade de Nossa Senhora do Ros\u00e1rio e Associa\u00e7\u00e3o dos Congados da Irmandade de Nossa Senhora do Ros\u00e1rio, no primeiro domingo do m\u00eas de julho, e as celebra\u00e7\u00f5es ficam a cargo dos sacerdotes, que contam com o apoio da Secretaria de Turismo e Cultura e de toda comunidade.<\/p>\n<p>Nesse ano, a Festa do Ros\u00e1rio de Serro vai ter transmiss\u00e3o ao vivo pela Rede Vida, a maior emissora cat\u00f3lica do Brasil. A programa\u00e7\u00e3o ainda n\u00e3o foi divulgada.<\/p>\n<h4><strong>Hist\u00f3ria<\/strong><\/h4>\n<p>1728 \u00e9 o registro da cria\u00e7\u00e3o da Irmandade de Nossa Senhora do Ros\u00e1rio e a marca da primeira festa de Nossa Senhora do Ros\u00e1rio dos Homens Pretos na Vila do Pr\u00edncipe, hoje cidade de Serro.<\/p>\n<p>A festa surgiu como possibilidade para o homem negro escravizado expressar sua cultura e celebrar a devo\u00e7\u00e3o a Nossa Senhora do Ros\u00e1rio.<\/p>\n<p>Diz uma lenda hist\u00f3rica que em certa \u00e9poca Nossa Senhora apareceu nas \u00e1guas do mar. Imediatamente vieram os Caboclos que dan\u00e7aram, cantaram, tocaram seus instrumentos, mas ela n\u00e3o foi com eles. Vieram os Marujos que tamb\u00e9m dan\u00e7aram e cantaram, mas ela n\u00e3o os seguiu. Vieram ent\u00e3o os negros, os catop\u00eas, que dan\u00e7aram, cantaram, tocaram seus instrumentos e atiraram seus mantos nas \u00e1guas. Ela veio at\u00e9 eles. Por isso, \u00e9 considerada a protetora dos negros.<\/p>\n<p><img decoding=\"async\" src=\"http:\/\/aconteceunovale.com.br\/portal\/wp-content\/uploads\/2014\/06\/festa_do_rosario_serro_2.jpg\" alt=\"\" \/><em>(Tradicional Festa do Ros\u00e1rio do Serro ser\u00e1 realizada de 27 de junho a 07 de julho)<\/em><br \/>\n<\/br><\/p>\n<p><em><strong>(Prefeitura do Serro \/ Folha de Guanh\u00e3es)<\/strong><\/em><\/p>\n","protected":false},"excerpt":{"rendered":"<p>De 27 de junho a 07 de julho acontece mais uma edi\u00e7\u00e3o da tradicional Festa do Ros\u00e1rio, na cidade de Serro. A festa, de cunho religioso e folcl\u00f3rico \u00e9 promovida anualmente pela Irmandade de Nossa Senhora do Ros\u00e1rio e Associa\u00e7\u00e3o dos Congados da Irmandade de Nossa Senhora do Ros\u00e1rio, no primeiro domingo do m\u00eas de [&hellip;]<\/p>\n","protected":false},"author":1,"featured_media":32456,"comment_status":"open","ping_status":"closed","sticky":false,"template":"","format":"standard","meta":{"amp_status":"","footnotes":""},"categories":[125],"tags":[9254,9255,154],"class_list":["post-32455","post","type-post","status-publish","format-standard","has-post-thumbnail","hentry","category-noticias","tag-fe-e-tradicao-marcam-a-festa-do-rosario-em-serro","tag-festa-do-rosario-em-serro","tag-serro"],"_links":{"self":[{"href":"https:\/\/aconteceunovale.com.br\/portal\/index.php?rest_route=\/wp\/v2\/posts\/32455","targetHints":{"allow":["GET"]}}],"collection":[{"href":"https:\/\/aconteceunovale.com.br\/portal\/index.php?rest_route=\/wp\/v2\/posts"}],"about":[{"href":"https:\/\/aconteceunovale.com.br\/portal\/index.php?rest_route=\/wp\/v2\/types\/post"}],"author":[{"embeddable":true,"href":"https:\/\/aconteceunovale.com.br\/portal\/index.php?rest_route=\/wp\/v2\/users\/1"}],"replies":[{"embeddable":true,"href":"https:\/\/aconteceunovale.com.br\/portal\/index.php?rest_route=%2Fwp%2Fv2%2Fcomments&post=32455"}],"version-history":[{"count":0,"href":"https:\/\/aconteceunovale.com.br\/portal\/index.php?rest_route=\/wp\/v2\/posts\/32455\/revisions"}],"wp:featuredmedia":[{"embeddable":true,"href":"https:\/\/aconteceunovale.com.br\/portal\/index.php?rest_route=\/wp\/v2\/media\/32456"}],"wp:attachment":[{"href":"https:\/\/aconteceunovale.com.br\/portal\/index.php?rest_route=%2Fwp%2Fv2%2Fmedia&parent=32455"}],"wp:term":[{"taxonomy":"category","embeddable":true,"href":"https:\/\/aconteceunovale.com.br\/portal\/index.php?rest_route=%2Fwp%2Fv2%2Fcategories&post=32455"},{"taxonomy":"post_tag","embeddable":true,"href":"https:\/\/aconteceunovale.com.br\/portal\/index.php?rest_route=%2Fwp%2Fv2%2Ftags&post=32455"}],"curies":[{"name":"wp","href":"https:\/\/api.w.org\/{rel}","templated":true}]}}