{"id":32449,"date":"2014-06-20T16:56:45","date_gmt":"2014-06-20T19:56:45","guid":{"rendered":"http:\/\/aconteceunovale.com.br\/portal\/?p=32449"},"modified":"2014-06-20T16:58:00","modified_gmt":"2014-06-20T19:58:00","slug":"hemocentro-de-diamantina-fara-cadastro-de-doadores-de-medula-em-sabinopolis-no-dia-3-de-julho","status":"publish","type":"post","link":"https:\/\/aconteceunovale.com.br\/portal\/?p=32449","title":{"rendered":"Hemocentro de Diamantina far\u00e1 cadastro de doadores de medula em Sabin\u00f3polis no dia 3 de julho"},"content":{"rendered":"<p>Unidos e com o objetivo de encontrar um doador de medula \u00f3ssea compat\u00edvel com o jovem Andr\u00e9 Luiz Nunes da Cunha Pereira Alves Pimenta, de 21 anos, morador de Serro, fam\u00edlia e amigos criaram uma comunidade no Facebook que j\u00e1 mobilizou milhares de pessoas. <\/p>\n<p>Intitulado de \u201c<a href=\"https:\/\/www.facebook.com\/amigosdoandrep\" target=\"_blank\">Amigos do Andr\u00e9<\/a>&#8220;, a comunidade foi criada no in\u00edcio de junho, com o intuito de angariar mais pessoas para doa\u00e7\u00f5es de sangue ou plaquetas e cadastramento de medula \u00f3ssea no REDOME. Isso porque, em fevereiro de 2013, Andr\u00e9 foi diagnosticado com LMA &#8211; Leucemia Mielobl\u00e1stica Aguda, tratou, mas h\u00e1 um pouco mais de dois meses, a doen\u00e7a voltou, e agora, ele precisa de um doador compat\u00edvel de medula \u00f3ssea.<\/p>\n<p><em><strong>Veja o v\u00eddeo da campanha:<\/strong><\/em><\/p>\n<p><iframe loading=\"lazy\" width=\"640\" height=\"360\" src=\"\/\/www.youtube.com\/embed\/fx2Ck1L8MQk\" frameborder=\"0\" allowfullscreen><\/iframe><\/p>\n<p>Segundo informa\u00e7\u00f5es da p\u00e1gina, no dia 03 de julho, o Hemocentro de Diamantina estar\u00e1 em Sabin\u00f3polis para realizar o cadastro de doadores de Medula \u00d3ssea. Voc\u00ea que ainda n\u00e3o se cadastrou basta comparecer ao Centro Pedag\u00f3gico P\u00e9s no Ch\u00e3o.<\/p>\n<p>Para se cadastrar, o candidato dever\u00e1 apresentar seu documento de identidade, e em seguida, ser\u00e1 feita a coleta de uma amostra de sangue (10 ml) para a tipagem de HLA (caracter\u00edsticas gen\u00e9ticas importantes para a sele\u00e7\u00e3o de um doador). <\/p>\n<p>Os dados do doador s\u00e3o inseridos no cadastro do REDOME e, sempre que surgir um novo paciente, a compatibilidade ser\u00e1 verificada. Uma vez confirmada, o doador ser\u00e1 consultado para decidir quanto \u00e0 doa\u00e7\u00e3o. <\/p>\n<p><img decoding=\"async\" src=\"http:\/\/aconteceunovale.com.br\/portal\/wp-content\/uploads\/2014\/06\/amigos_do_andre_nova_20_6.jpg\" alt=\"\" \/><strong><em>(Foto: Divulga\u00e7\u00e3o \/ Campanha Amigos do Andr\u00e9)<\/em><\/strong><br \/>\n<\/br><\/p>\n<p><em><strong>(Por Folha de Guanh\u00e3es \/ Com altera\u00e7\u00f5es)<\/strong><\/em><\/p>\n","protected":false},"excerpt":{"rendered":"<p>Unidos e com o objetivo de encontrar um doador de medula \u00f3ssea compat\u00edvel com o jovem Andr\u00e9 Luiz Nunes da Cunha Pereira Alves Pimenta, de 21 anos, morador de Serro, fam\u00edlia e amigos criaram uma comunidade no Facebook que j\u00e1 mobilizou milhares de pessoas. Intitulado de \u201cAmigos do Andr\u00e9&#8220;, a comunidade foi criada no in\u00edcio [&hellip;]<\/p>\n","protected":false},"author":1,"featured_media":32451,"comment_status":"open","ping_status":"closed","sticky":false,"template":"","format":"standard","meta":{"amp_status":"","footnotes":""},"categories":[123],"tags":[8840,8841,9252,9253,1018,198,9251,310],"class_list":["post-32449","post","type-post","status-publish","format-standard","has-post-thumbnail","hentry","category-gerais","tag-amigos-do-andre","tag-andre-luiz-nunes-da-cunha-pereira-alves-pimenta","tag-campanha-amigos-do-andre","tag-campanha-para-andre-luiz-nunes-da-cunha-pereira-alves-pimenta","tag-destaque","tag-diamantina","tag-hemocentro-de-diamantina-fara-cadastro-de-doadores-de-medula-em-sabinopolis-no-dia-3-de-julho","tag-sabinopolis"],"_links":{"self":[{"href":"https:\/\/aconteceunovale.com.br\/portal\/index.php?rest_route=\/wp\/v2\/posts\/32449","targetHints":{"allow":["GET"]}}],"collection":[{"href":"https:\/\/aconteceunovale.com.br\/portal\/index.php?rest_route=\/wp\/v2\/posts"}],"about":[{"href":"https:\/\/aconteceunovale.com.br\/portal\/index.php?rest_route=\/wp\/v2\/types\/post"}],"author":[{"embeddable":true,"href":"https:\/\/aconteceunovale.com.br\/portal\/index.php?rest_route=\/wp\/v2\/users\/1"}],"replies":[{"embeddable":true,"href":"https:\/\/aconteceunovale.com.br\/portal\/index.php?rest_route=%2Fwp%2Fv2%2Fcomments&post=32449"}],"version-history":[{"count":0,"href":"https:\/\/aconteceunovale.com.br\/portal\/index.php?rest_route=\/wp\/v2\/posts\/32449\/revisions"}],"wp:featuredmedia":[{"embeddable":true,"href":"https:\/\/aconteceunovale.com.br\/portal\/index.php?rest_route=\/wp\/v2\/media\/32451"}],"wp:attachment":[{"href":"https:\/\/aconteceunovale.com.br\/portal\/index.php?rest_route=%2Fwp%2Fv2%2Fmedia&parent=32449"}],"wp:term":[{"taxonomy":"category","embeddable":true,"href":"https:\/\/aconteceunovale.com.br\/portal\/index.php?rest_route=%2Fwp%2Fv2%2Fcategories&post=32449"},{"taxonomy":"post_tag","embeddable":true,"href":"https:\/\/aconteceunovale.com.br\/portal\/index.php?rest_route=%2Fwp%2Fv2%2Ftags&post=32449"}],"curies":[{"name":"wp","href":"https:\/\/api.w.org\/{rel}","templated":true}]}}