{"id":32445,"date":"2014-06-20T16:24:33","date_gmt":"2014-06-20T19:24:33","guid":{"rendered":"http:\/\/aconteceunovale.com.br\/portal\/?p=32445"},"modified":"2014-06-20T16:24:33","modified_gmt":"2014-06-20T19:24:33","slug":"bispo-da-diocese-de-governador-valadares-sofre-acidente-e-permanece-internado","status":"publish","type":"post","link":"https:\/\/aconteceunovale.com.br\/portal\/?p=32445","title":{"rendered":"Bispo da Diocese de Governador Valadares sofre acidente e permanece internado"},"content":{"rendered":"<p>Est\u00e1 internado em um hospital de Po\u00e7os de Caldas, no Sul de Minas Gerais, o bispo da Diocese de Governador Valadares, Dom Ant\u00f4nio Carlos F\u00e9lix. Ele ficou ferido ap\u00f3s capotar o carro na manh\u00e3 de quinta-feira (19), na BR-267, pr\u00f3ximo \u00e0 cidade de Campestre, no Sul de Minas Gerais.<\/p>\n<p>De acordo com informa\u00e7\u00f5es, ele retornava para uma celebra\u00e7\u00e3o de Corpus Christi em Valadares, quando sofreu o acidente. O bispo sofreu cortes na cabe\u00e7a e teve escoria\u00e7\u00f5es pelo corpo, mas acordo com a assessoria de comunica\u00e7\u00e3o do Semin\u00e1rio Diocesano, Senhora Auxiliadora, ele est\u00e1 em observa\u00e7\u00e3o e passa bem.<\/p>\n<p>As causas do acidente ainda s\u00e3o desconhecidas, mas policiais da PRF informaram que o capotamento pode ter sido causado pela neblina que cai no momento do ocorrido.<\/p>\n<p><img decoding=\"async\" src=\"http:\/\/aconteceunovale.com.br\/portal\/wp-content\/uploads\/2014\/03\/novo_bispo_gov_valadares_2014.jpg\" alt=\"\" \/><em>(Dom F\u00e9lix sofreu o acidente na quinta-feira (19), quando voltava para Valadares)<\/em><\/p>\n","protected":false},"excerpt":{"rendered":"<p>Est\u00e1 internado em um hospital de Po\u00e7os de Caldas, no Sul de Minas Gerais, o bispo da Diocese de Governador Valadares, Dom Ant\u00f4nio Carlos F\u00e9lix. Ele ficou ferido ap\u00f3s capotar o carro na manh\u00e3 de quinta-feira (19), na BR-267, pr\u00f3ximo \u00e0 cidade de Campestre, no Sul de Minas Gerais. De acordo com informa\u00e7\u00f5es, ele retornava [&hellip;]<\/p>\n","protected":false},"author":1,"featured_media":22963,"comment_status":"open","ping_status":"closed","sticky":false,"template":"","format":"standard","meta":{"amp_status":"","footnotes":""},"categories":[121],"tags":[9247,9246,1018,247],"class_list":["post-32445","post","type-post","status-publish","format-standard","has-post-thumbnail","hentry","category-leste","tag-acidente-com-dom-antonio-carlos-felix","tag-bispo-da-diocese-de-governador-valadares-sofre-acidente-e-permanece-internado","tag-destaque","tag-governador-valadares"],"_links":{"self":[{"href":"https:\/\/aconteceunovale.com.br\/portal\/index.php?rest_route=\/wp\/v2\/posts\/32445","targetHints":{"allow":["GET"]}}],"collection":[{"href":"https:\/\/aconteceunovale.com.br\/portal\/index.php?rest_route=\/wp\/v2\/posts"}],"about":[{"href":"https:\/\/aconteceunovale.com.br\/portal\/index.php?rest_route=\/wp\/v2\/types\/post"}],"author":[{"embeddable":true,"href":"https:\/\/aconteceunovale.com.br\/portal\/index.php?rest_route=\/wp\/v2\/users\/1"}],"replies":[{"embeddable":true,"href":"https:\/\/aconteceunovale.com.br\/portal\/index.php?rest_route=%2Fwp%2Fv2%2Fcomments&post=32445"}],"version-history":[{"count":0,"href":"https:\/\/aconteceunovale.com.br\/portal\/index.php?rest_route=\/wp\/v2\/posts\/32445\/revisions"}],"wp:featuredmedia":[{"embeddable":true,"href":"https:\/\/aconteceunovale.com.br\/portal\/index.php?rest_route=\/wp\/v2\/media\/22963"}],"wp:attachment":[{"href":"https:\/\/aconteceunovale.com.br\/portal\/index.php?rest_route=%2Fwp%2Fv2%2Fmedia&parent=32445"}],"wp:term":[{"taxonomy":"category","embeddable":true,"href":"https:\/\/aconteceunovale.com.br\/portal\/index.php?rest_route=%2Fwp%2Fv2%2Fcategories&post=32445"},{"taxonomy":"post_tag","embeddable":true,"href":"https:\/\/aconteceunovale.com.br\/portal\/index.php?rest_route=%2Fwp%2Fv2%2Ftags&post=32445"}],"curies":[{"name":"wp","href":"https:\/\/api.w.org\/{rel}","templated":true}]}}