{"id":32431,"date":"2014-06-20T15:31:11","date_gmt":"2014-06-20T18:31:11","guid":{"rendered":"http:\/\/aconteceunovale.com.br\/portal\/?p=32431"},"modified":"2014-06-20T15:32:20","modified_gmt":"2014-06-20T18:32:20","slug":"ataque-de-abelhas-provoca-panico-na-regiao-central-de-bocaiuva","status":"publish","type":"post","link":"https:\/\/aconteceunovale.com.br\/portal\/?p=32431","title":{"rendered":"Ataque de abelhas provoca p\u00e2nico na regi\u00e3o central de Bocaiuva"},"content":{"rendered":"<h4><strong>Apicultores contam que abelhas poderiam estar arranchadas h\u00e1 quase dois anos, sem ningu\u00e9m saber.<\/strong><\/h4>\n<p><em><strong>(Por Douglas Rodrigues \/ Bocaiuva)<\/strong><\/em><\/p>\n<p><img decoding=\"async\" src=\"http:\/\/aconteceunovale.com.br\/portal\/wp-content\/uploads\/2014\/06\/ataque_abelhas_boc_20_1.jpg\" alt=\"\" \/><em>(Foto: Paulo Brand\u00e3o \/ Divulga\u00e7\u00e3o)<\/em><br \/>\n<\/br><\/p>\n<p>Um enxame causou p\u00e2nico e transtorno, no final da manh\u00e3 desta sexta-feira, 20 de junho, na regi\u00e3o Central de Bocaiuva, no Norte de Minas Gerais. De acordo com informa\u00e7\u00f5es de apicultores da APIBOC, por volta do meio dia, milhares de abelhas se desarrancharam de sua colmeia, que estava sob o telhado da Associa\u00e7\u00e3o Comercial e Empresarial (ACE-CDL) e atacaram nove pessoas, que transitavam pela Rua Domingos Ferreira Pimenta e imedia\u00e7\u00f5es. <\/p>\n<p>Todas as v\u00edtimas foram socorridas e encaminhadas para o Hospital Municipal Dr. Gil Alves e receberam atendimento m\u00e9dico. A reportagem entrou em contato com a unidade de sa\u00fade e o enfermeiro Sidcley Admas Freire explicou que todos foram atendidos e que apenas uma senhora permaneceu no hospital. \u201cApenas uma senhora ficou sob observa\u00e7\u00e3o, mas seu quadro cl\u00ednico \u00e9 est\u00e1vel.\u201d afirmou o enfermeiro. <\/p>\n<p>Por algumas horas, v\u00e1rias ruas e quarteir\u00f5es no entorno do F\u00f3rum Jos\u00e9 Maria Alkimin, Banco do Brasil e Ag\u00eancia dos Correios ficaram interditados. Quem se arriscava atravessar a faixa de isolamento, logo j\u00e1 era advertido por populares e bombeiros. A ag\u00eancia dos Correios, CDL, Emater e com\u00e9rcios ficaram fechados. O Corpo de Bombeiros se uniu aos apicultores para controlar a situa\u00e7\u00e3o.<\/p>\n<p><img decoding=\"async\" src=\"http:\/\/aconteceunovale.com.br\/portal\/wp-content\/uploads\/2014\/06\/ataque_abelhas_boc_20_2.jpg\" alt=\"\" \/><\/p>\n<p><img decoding=\"async\" src=\"http:\/\/aconteceunovale.com.br\/portal\/wp-content\/uploads\/2014\/06\/ataque_abelhas_boc_20_3.jpg\" alt=\"\" \/><\/p>\n<p><img decoding=\"async\" src=\"http:\/\/aconteceunovale.com.br\/portal\/wp-content\/uploads\/2014\/06\/ataque_abelhas_boc_20_4.jpg\" alt=\"\" \/><\/p>\n<p><img decoding=\"async\" src=\"http:\/\/aconteceunovale.com.br\/portal\/wp-content\/uploads\/2014\/06\/ataque_abelhas_boc_20_7.jpg\" alt=\"\" \/><\/p>\n<p><img decoding=\"async\" src=\"http:\/\/aconteceunovale.com.br\/portal\/wp-content\/uploads\/2014\/06\/ataque_abelhas_boc_20_6.jpg\" alt=\"\" \/><\/p>\n<p><em><strong>(Fotos: Paulo Brand\u00e3o)<\/strong><\/em><\/p>\n","protected":false},"excerpt":{"rendered":"<p>Apicultores contam que abelhas poderiam estar arranchadas h\u00e1 quase dois anos, sem ningu\u00e9m saber. (Por Douglas Rodrigues \/ Bocaiuva) (Foto: Paulo Brand\u00e3o \/ Divulga\u00e7\u00e3o) Um enxame causou p\u00e2nico e transtorno, no final da manh\u00e3 desta sexta-feira, 20 de junho, na regi\u00e3o Central de Bocaiuva, no Norte de Minas Gerais. De acordo com informa\u00e7\u00f5es de apicultores [&hellip;]<\/p>\n","protected":false},"author":1,"featured_media":32432,"comment_status":"open","ping_status":"closed","sticky":false,"template":"","format":"standard","meta":{"amp_status":"","footnotes":""},"categories":[1236],"tags":[9242,645,1018],"class_list":["post-32431","post","type-post","status-publish","format-standard","has-post-thumbnail","hentry","category-norte_de_minas","tag-ataque-de-abelhas-provoca-panico-na-regiao-central-de-bocaiuva","tag-bocaiuva","tag-destaque"],"_links":{"self":[{"href":"https:\/\/aconteceunovale.com.br\/portal\/index.php?rest_route=\/wp\/v2\/posts\/32431","targetHints":{"allow":["GET"]}}],"collection":[{"href":"https:\/\/aconteceunovale.com.br\/portal\/index.php?rest_route=\/wp\/v2\/posts"}],"about":[{"href":"https:\/\/aconteceunovale.com.br\/portal\/index.php?rest_route=\/wp\/v2\/types\/post"}],"author":[{"embeddable":true,"href":"https:\/\/aconteceunovale.com.br\/portal\/index.php?rest_route=\/wp\/v2\/users\/1"}],"replies":[{"embeddable":true,"href":"https:\/\/aconteceunovale.com.br\/portal\/index.php?rest_route=%2Fwp%2Fv2%2Fcomments&post=32431"}],"version-history":[{"count":0,"href":"https:\/\/aconteceunovale.com.br\/portal\/index.php?rest_route=\/wp\/v2\/posts\/32431\/revisions"}],"wp:featuredmedia":[{"embeddable":true,"href":"https:\/\/aconteceunovale.com.br\/portal\/index.php?rest_route=\/wp\/v2\/media\/32432"}],"wp:attachment":[{"href":"https:\/\/aconteceunovale.com.br\/portal\/index.php?rest_route=%2Fwp%2Fv2%2Fmedia&parent=32431"}],"wp:term":[{"taxonomy":"category","embeddable":true,"href":"https:\/\/aconteceunovale.com.br\/portal\/index.php?rest_route=%2Fwp%2Fv2%2Fcategories&post=32431"},{"taxonomy":"post_tag","embeddable":true,"href":"https:\/\/aconteceunovale.com.br\/portal\/index.php?rest_route=%2Fwp%2Fv2%2Ftags&post=32431"}],"curies":[{"name":"wp","href":"https:\/\/api.w.org\/{rel}","templated":true}]}}