{"id":32427,"date":"2014-06-20T15:16:03","date_gmt":"2014-06-20T18:16:03","guid":{"rendered":"http:\/\/aconteceunovale.com.br\/portal\/?p=32427"},"modified":"2014-06-20T15:16:54","modified_gmt":"2014-06-20T18:16:54","slug":"construcao-dos-campi-da-ufvjm-no-vale-depende-apenas-dos-politicos-representantes-da-regiao","status":"publish","type":"post","link":"https:\/\/aconteceunovale.com.br\/portal\/?p=32427","title":{"rendered":"Constru\u00e7\u00e3o dos campi da UFVJM no Vale depende apenas dos pol\u00edticos representantes da regi\u00e3o"},"content":{"rendered":"<p>Integrantes do Movimento \u201cA UFVJM \u00e9 Nossa! Capelinha\u201d participaram de mais uma reuni\u00e3o com o Reitor Pedro \u00c2ngelo no \u00faltimo dia 16 de junho, em Diamantina. O objetivo do encontro foi apresentar a pr\u00e9-proposta acad\u00eamica do campus UFVJM em Capelinha e discutir suas perspectivas futuras.<\/p>\n<p>O Reitor reafirmou seu inteiro apoio \u00e0 causa do movimento, esclarecendo que a UFVJM est\u00e1 pronta para iniciar a constru\u00e7\u00e3o dos campi de Capelinha, Ara\u00e7ua\u00ed e Almenara: \u201cJ\u00e1 temos os terrenos, elaboramos os projetos arquitet\u00f4nicos e estruturais. Temos tamb\u00e9m os projetos acad\u00eamicos baseados nas escolhas das comunidades dos tr\u00eas munic\u00edpios. Faltam somente as emendas dos parlamentares que representam a regi\u00e3o\u201d. <\/p>\n<p>O fato \u00e9 que os deputados envolvidos na causa ainda n\u00e3o apresentaram emenda parlamentar indicando os recursos financeiros necess\u00e1rios \u00e0 constru\u00e7\u00e3o dos tr\u00eas campi no \u201cJequitinhonha adentro\u201d, tamb\u00e9m n\u00e3o apresentaram proposta de concurso para contrata\u00e7\u00e3o de pessoal ao Congresso Nacional, inst\u00e2ncia que autoriza concursos p\u00fablicos federais. Assim, a instala\u00e7\u00e3o dos campi depende unicamente dos pol\u00edticos locais e dos deputados que se afirmaram apoiadores desta causa justa que mobilizou inteiramente as popula\u00e7\u00f5es do Vale do Jequitinhonha.<\/p>\n<p><img decoding=\"async\" src=\"http:\/\/aconteceunovale.com.br\/portal\/wp-content\/uploads\/2014\/06\/reuniao_reitor_ufvjm.jpg\" alt=\"\" \/><em>(Capelinhenses fazem nova reuni\u00e3o com reitor da UFVJM \u2013 Foto: Divulga\u00e7\u00e3o)<\/em><br \/>\n<\/br><\/p>\n<p><em><strong>(Aran\u00e3s FM)<\/strong><\/em><\/p>\n","protected":false},"excerpt":{"rendered":"<p>Integrantes do Movimento \u201cA UFVJM \u00e9 Nossa! Capelinha\u201d participaram de mais uma reuni\u00e3o com o Reitor Pedro \u00c2ngelo no \u00faltimo dia 16 de junho, em Diamantina. O objetivo do encontro foi apresentar a pr\u00e9-proposta acad\u00eamica do campus UFVJM em Capelinha e discutir suas perspectivas futuras. O Reitor reafirmou seu inteiro apoio \u00e0 causa do movimento, [&hellip;]<\/p>\n","protected":false},"author":1,"featured_media":32428,"comment_status":"open","ping_status":"closed","sticky":false,"template":"","format":"standard","meta":{"amp_status":"","footnotes":""},"categories":[120],"tags":[142,186,132,9240,9241,1018],"class_list":["post-32427","post","type-post","status-publish","format-standard","has-post-thumbnail","hentry","category-jequi","tag-almenara","tag-aracuai","tag-capelinha","tag-construcao-dos-campi-da-ufvjm-no-vale-depende-apenas-dos-politicos-representantes-da-regiao","tag-construcao-dos-campi-da-ufvjm-no-vale-do-jequitinhonha-depende-apenas-dos-politicos-representantes-da-regiao","tag-destaque"],"_links":{"self":[{"href":"https:\/\/aconteceunovale.com.br\/portal\/index.php?rest_route=\/wp\/v2\/posts\/32427","targetHints":{"allow":["GET"]}}],"collection":[{"href":"https:\/\/aconteceunovale.com.br\/portal\/index.php?rest_route=\/wp\/v2\/posts"}],"about":[{"href":"https:\/\/aconteceunovale.com.br\/portal\/index.php?rest_route=\/wp\/v2\/types\/post"}],"author":[{"embeddable":true,"href":"https:\/\/aconteceunovale.com.br\/portal\/index.php?rest_route=\/wp\/v2\/users\/1"}],"replies":[{"embeddable":true,"href":"https:\/\/aconteceunovale.com.br\/portal\/index.php?rest_route=%2Fwp%2Fv2%2Fcomments&post=32427"}],"version-history":[{"count":0,"href":"https:\/\/aconteceunovale.com.br\/portal\/index.php?rest_route=\/wp\/v2\/posts\/32427\/revisions"}],"wp:featuredmedia":[{"embeddable":true,"href":"https:\/\/aconteceunovale.com.br\/portal\/index.php?rest_route=\/wp\/v2\/media\/32428"}],"wp:attachment":[{"href":"https:\/\/aconteceunovale.com.br\/portal\/index.php?rest_route=%2Fwp%2Fv2%2Fmedia&parent=32427"}],"wp:term":[{"taxonomy":"category","embeddable":true,"href":"https:\/\/aconteceunovale.com.br\/portal\/index.php?rest_route=%2Fwp%2Fv2%2Fcategories&post=32427"},{"taxonomy":"post_tag","embeddable":true,"href":"https:\/\/aconteceunovale.com.br\/portal\/index.php?rest_route=%2Fwp%2Fv2%2Ftags&post=32427"}],"curies":[{"name":"wp","href":"https:\/\/api.w.org\/{rel}","templated":true}]}}