{"id":32421,"date":"2014-06-20T12:20:39","date_gmt":"2014-06-20T15:20:39","guid":{"rendered":"http:\/\/aconteceunovale.com.br\/portal\/?p=32421"},"modified":"2014-06-20T12:20:39","modified_gmt":"2014-06-20T15:20:39","slug":"seca-prolongada-provoca-prejuizos-em-lavouras-na-regiao-de-capelinha","status":"publish","type":"post","link":"https:\/\/aconteceunovale.com.br\/portal\/?p=32421","title":{"rendered":"Seca prolongada provoca preju\u00edzos em lavouras na regi\u00e3o de Capelinha"},"content":{"rendered":"<p>A estiagem prolongada provoca preju\u00edzos \u00e0 economia dos munic\u00edpios do Norte de Minas e vales do Rio Doce, Mucuri e Jequitinhonha. Sem chuvas, lavouras de caf\u00e9, milho e feij\u00e3o, inclusive de subsist\u00eancia, como a mandioca, amargam perdas que beiram at\u00e9 80%. E a situa\u00e7\u00e3o pode piorar, pois a previs\u00e3o de meteorologistas \u00e9 a de que, neste ano, essas regi\u00f5es fiquem at\u00e9 200 dias sem chuvas, que podem chegar apenas em outubro.<\/p>\n<p><img decoding=\"async\" src=\"http:\/\/aconteceunovale.com.br\/portal\/wp-content\/uploads\/2014\/06\/murilo_horta_cafe_perdido.jpg\" alt=\"\" \/><strong><em>(O agricultor Murilo Horta mostra gr\u00e3os de caf\u00e9 afetados pela seca prolongada &#8211; Foto: Leonardo Morais\/Hoje em Dia)<\/em><\/strong><br \/>\n<\/br><\/p>\n<p>Embora mais capitalizados, os grandes e m\u00e9dios produtores tamb\u00e9m sofrem com os efeitos da longa estiagem. Segundo o presidente do Sindicato dos Produtores Rurais de Capelinha, Murilo Horta, a atividade envolve cerca de 500 agricultores, todos com perdas na lavoura superiores a 20%.<\/p>\n<p>Horta afirma que, por falta de chuva na \u00e9poca da grana\u00e7\u00e3o, em janeiro, os gr\u00e3os n\u00e3o encheram e ficaram chochos; e os galhos n\u00e3o cresceram, comprometendo dessa forma a safra do ano que vem. A ajuda ideal para a categoria, sugere, seria um custeio especial, com prazo maior que os 12 meses concedidos para pagamento dos empr\u00e9stimos. \u201cPelo menos 90% dos produtores de caf\u00e9 est\u00e3o endividados\u201d, diz.<\/p>\n<p>Segundo Horta, que \u00e9 cafeicultor e tamb\u00e9m planta eucalipto, as d\u00edvidas n\u00e3o foram pagas porque h\u00e1 pouco tempo o caf\u00e9 estava com pre\u00e7o baixo e os produtores n\u00e3o conseguiram investir em adubo, tratar da lavoura. Alguns abandonaram as planta\u00e7\u00f5es e quase todos contra\u00edram d\u00edvidas. Com a seca de 2014, a situa\u00e7\u00e3o se inverteu. \u201cO caf\u00e9 ficou bom de pre\u00e7o, mas faltou \u00e1gua. Agora os cafezais est\u00e3o com fome e sede e, assim, a safra do ano que vem ser\u00e1 ainda menor\u201d, analisa.<\/p>\n<p>O prefeito de Capelinha, Jos\u00e9 Ant\u00f4nio de Souza (PMDB), estima que os preju\u00edzos provocados pela longa estiagem somam mais de R$ 9 milh\u00f5es. Segundo ele, a agropecu\u00e1ria, principal atividade econ\u00f4mica do munic\u00edpio, est\u00e1 amea\u00e7ada, e os agricultores familiares e demais produtores n\u00e3o t\u00eam plantado sequer produtos b\u00e1sicos. As perdas na produ\u00e7\u00e3o de milho e feij\u00e3o giram em torno de 70% a 80% e na de carne e leite, entre 30% e 40%.<\/p>\n<p>\u201cO caos est\u00e1 instalado. Sem ajuda mais efetiva dos governos n\u00e3o vamos conseguir ajudar a popula\u00e7\u00e3o, evitar o \u00eaxodo rural\u201d, refor\u00e7a Souza, que estima redu\u00e7\u00f5es na produ\u00e7\u00e3o de mandioca, frutas e oler\u00edcolas.<\/p>\n<p>Capelinha tem 2 mil agricultores familiares. \u201cO milho produziu quatro vezes menos e a mandioca est\u00e1 perdida. N\u00e3o temos o que vender na feira\u201d, reclama o agricultor da comunidade do Cisqueiro, Alexandrino Martins, de 60 anos.<\/p>\n<p>Em Berizal, uma das cidades do Norte de Minas castigadas pela seca, as perdas na lavoura chegam a 80%. Na produ\u00e7\u00e3o de leite v\u00e3o a 50%, e na de carne, a 40%. Cerca de 8 mil cabe\u00e7as de gado de 600 agricultores vagam em busca de \u00e1gua que falta tamb\u00e9m para consumo humano, afirma o engenheiro da Emater Rafael Oliveira.<\/p>\n<p><em><strong>(Hoje em Dia)<\/strong><\/em><\/p>\n","protected":false},"excerpt":{"rendered":"<p>A estiagem prolongada provoca preju\u00edzos \u00e0 economia dos munic\u00edpios do Norte de Minas e vales do Rio Doce, Mucuri e Jequitinhonha. Sem chuvas, lavouras de caf\u00e9, milho e feij\u00e3o, inclusive de subsist\u00eancia, como a mandioca, amargam perdas que beiram at\u00e9 80%. E a situa\u00e7\u00e3o pode piorar, pois a previs\u00e3o de meteorologistas \u00e9 a de que, [&hellip;]<\/p>\n","protected":false},"author":1,"featured_media":32422,"comment_status":"open","ping_status":"closed","sticky":false,"template":"","format":"standard","meta":{"amp_status":"","footnotes":""},"categories":[120],"tags":[9231,9233,9232,1342,132,9234,9235,9236,9237],"class_list":["post-32421","post","type-post","status-publish","format-standard","has-post-thumbnail","hentry","category-jequi","tag-a-estiagem-prolongada-provoca-prejuizos-a-economia-dos-municipios-do-norte-de-minas","tag-a-estiagem-prolongada-provoca-prejuizos-a-economia-dos-municipios-do-vale-do-jequitinhonha-e-mucuri","tag-a-estiagem-prolongada-provoca-prejuizos-a-economia-dos-municipios-do-vale-do-rio-doce","tag-berizal","tag-capelinha","tag-murilo-horta","tag-prejuizos-com-a-seca-em-capelinha","tag-prejuizos-com-a-seca-no-vale-do-jequitinhonha","tag-seca-prolongada-provoca-prejuizos-em-lavouras-na-regiao-de-capelinha"],"_links":{"self":[{"href":"https:\/\/aconteceunovale.com.br\/portal\/index.php?rest_route=\/wp\/v2\/posts\/32421","targetHints":{"allow":["GET"]}}],"collection":[{"href":"https:\/\/aconteceunovale.com.br\/portal\/index.php?rest_route=\/wp\/v2\/posts"}],"about":[{"href":"https:\/\/aconteceunovale.com.br\/portal\/index.php?rest_route=\/wp\/v2\/types\/post"}],"author":[{"embeddable":true,"href":"https:\/\/aconteceunovale.com.br\/portal\/index.php?rest_route=\/wp\/v2\/users\/1"}],"replies":[{"embeddable":true,"href":"https:\/\/aconteceunovale.com.br\/portal\/index.php?rest_route=%2Fwp%2Fv2%2Fcomments&post=32421"}],"version-history":[{"count":0,"href":"https:\/\/aconteceunovale.com.br\/portal\/index.php?rest_route=\/wp\/v2\/posts\/32421\/revisions"}],"wp:featuredmedia":[{"embeddable":true,"href":"https:\/\/aconteceunovale.com.br\/portal\/index.php?rest_route=\/wp\/v2\/media\/32422"}],"wp:attachment":[{"href":"https:\/\/aconteceunovale.com.br\/portal\/index.php?rest_route=%2Fwp%2Fv2%2Fmedia&parent=32421"}],"wp:term":[{"taxonomy":"category","embeddable":true,"href":"https:\/\/aconteceunovale.com.br\/portal\/index.php?rest_route=%2Fwp%2Fv2%2Fcategories&post=32421"},{"taxonomy":"post_tag","embeddable":true,"href":"https:\/\/aconteceunovale.com.br\/portal\/index.php?rest_route=%2Fwp%2Fv2%2Ftags&post=32421"}],"curies":[{"name":"wp","href":"https:\/\/api.w.org\/{rel}","templated":true}]}}