{"id":32405,"date":"2014-06-20T09:41:05","date_gmt":"2014-06-20T12:41:05","guid":{"rendered":"http:\/\/aconteceunovale.com.br\/portal\/?p=32405"},"modified":"2014-06-23T22:59:53","modified_gmt":"2014-06-24T01:59:53","slug":"duas-pessoas-ficam-feridas-apos-carreta-capotar-e-pegar-fogo-na-br-116","status":"publish","type":"post","link":"https:\/\/aconteceunovale.com.br\/portal\/?p=32405","title":{"rendered":"Duas pessoas ficam feridas ap\u00f3s carreta capotar e pegar fogo na BR-116"},"content":{"rendered":"<p>Duas pessoas ficaram feridas e um acidente registrado na madrugada desta segunda-feira, 20 de junho na BR-116, na regi\u00e3o do Vale do Mucuri, em Minas Gerais. <\/p>\n<p>Segundo informa\u00e7\u00f5es da Pol\u00edcia Rodovi\u00e1ria Federal, uma carreta que teria sa\u00eddo de Medina, no Vale do Jequitinhonha, carregada com uma pedra de granito, passava pelo trecho que d\u00e1 acesso \u00e0 Lajinha, distrito de Te\u00f3filo Otoni, quando possivelmente o condutor do ve\u00edculo perdeu o controle direcional e capotou.<\/p>\n<p>Com o impacto do acidente, o condutor da carreta e um passageiro tiveram escoria\u00e7\u00f5es. Eles foram socorridos pelo SAMU e encaminhados para o Hospital Santa Ros\u00e1lia, onde receberam atendimento m\u00e9dico. J\u00e1 o ve\u00edculo pegou fogo. As chamas foram contidas por uma equipe do Corpo de Bombeiros de Te\u00f3filo Otoni.<\/p>\n<p>No v\u00eddeo gravado pelo militar do Corpo de Bombeiros, Haroldo Paulo, ele alerta que o trecho \u00e9 muito perigoso e que constantemente s\u00e3o registrados acidentes. Ainda segundo o militar, moradores informaram que o acidente poderia ter sido muito mais grave, j\u00e1 que cerca de 30 minutos antes do ocorrido, havia dois \u00f4nibus estacionados nas proximidades.<\/p>\n<p><strong><em>Reportagem da TV Imigrantes:<\/em><\/strong><\/p>\n<p><iframe loading=\"lazy\" width=\"640\" height=\"480\" src=\"\/\/www.youtube.com\/embed\/RI5kGzn2Ix4\" frameborder=\"0\" allowfullscreen><\/iframe><\/p>\n","protected":false},"excerpt":{"rendered":"<p>Duas pessoas ficaram feridas e um acidente registrado na madrugada desta segunda-feira, 20 de junho na BR-116, na regi\u00e3o do Vale do Mucuri, em Minas Gerais. Segundo informa\u00e7\u00f5es da Pol\u00edcia Rodovi\u00e1ria Federal, uma carreta que teria sa\u00eddo de Medina, no Vale do Jequitinhonha, carregada com uma pedra de granito, passava pelo trecho que d\u00e1 acesso [&hellip;]<\/p>\n","protected":false},"author":1,"featured_media":32406,"comment_status":"open","ping_status":"closed","sticky":false,"template":"","format":"standard","meta":{"amp_status":"","footnotes":""},"categories":[122],"tags":[9223,9222,389,164],"class_list":["post-32405","post","type-post","status-publish","format-standard","has-post-thumbnail","hentry","category-mucuri","tag-acidente-com-carreta-de-granito-em-teofilo-otoni","tag-duas-pessoas-ficam-feridas-apos-carreta-capotar-e-pegar-fogo-na-br-116","tag-medina","tag-teofilo-otoni"],"_links":{"self":[{"href":"https:\/\/aconteceunovale.com.br\/portal\/index.php?rest_route=\/wp\/v2\/posts\/32405","targetHints":{"allow":["GET"]}}],"collection":[{"href":"https:\/\/aconteceunovale.com.br\/portal\/index.php?rest_route=\/wp\/v2\/posts"}],"about":[{"href":"https:\/\/aconteceunovale.com.br\/portal\/index.php?rest_route=\/wp\/v2\/types\/post"}],"author":[{"embeddable":true,"href":"https:\/\/aconteceunovale.com.br\/portal\/index.php?rest_route=\/wp\/v2\/users\/1"}],"replies":[{"embeddable":true,"href":"https:\/\/aconteceunovale.com.br\/portal\/index.php?rest_route=%2Fwp%2Fv2%2Fcomments&post=32405"}],"version-history":[{"count":0,"href":"https:\/\/aconteceunovale.com.br\/portal\/index.php?rest_route=\/wp\/v2\/posts\/32405\/revisions"}],"wp:featuredmedia":[{"embeddable":true,"href":"https:\/\/aconteceunovale.com.br\/portal\/index.php?rest_route=\/wp\/v2\/media\/32406"}],"wp:attachment":[{"href":"https:\/\/aconteceunovale.com.br\/portal\/index.php?rest_route=%2Fwp%2Fv2%2Fmedia&parent=32405"}],"wp:term":[{"taxonomy":"category","embeddable":true,"href":"https:\/\/aconteceunovale.com.br\/portal\/index.php?rest_route=%2Fwp%2Fv2%2Fcategories&post=32405"},{"taxonomy":"post_tag","embeddable":true,"href":"https:\/\/aconteceunovale.com.br\/portal\/index.php?rest_route=%2Fwp%2Fv2%2Ftags&post=32405"}],"curies":[{"name":"wp","href":"https:\/\/api.w.org\/{rel}","templated":true}]}}