{"id":32401,"date":"2014-06-19T22:52:38","date_gmt":"2014-06-20T01:52:38","guid":{"rendered":"http:\/\/aconteceunovale.com.br\/portal\/?p=32401"},"modified":"2014-06-19T22:52:38","modified_gmt":"2014-06-20T01:52:38","slug":"caminhoneiro-morre-preso-as-ferragens-em-acidente-na-br-116","status":"publish","type":"post","link":"https:\/\/aconteceunovale.com.br\/portal\/?p=32401","title":{"rendered":"Caminhoneiro morre preso \u00e0s ferragens em acidente na BR-116"},"content":{"rendered":"<p>Um motorista morreu no tombamento de uma carreta nesta quinta-feira (19), em Leopoldina, na Zona da Mata Mineira. De acordo com a Pol\u00edcia Rodovi\u00e1ria Federal (PRF), o acidente aconteceu por volta das 7h, em uma curva, na altura do KM 782.<\/p>\n<p>A suspeita \u00e9 que J.E.M.C., de 54 anos, estivesse em alta velocidade e que, por isso, tenha perdido o controle da dire\u00e7\u00e3o da carreta no trecho de pista simples. O homem ficou preso \u00e0s ferragens e teve morte constatada por m\u00e9dicos do Servi\u00e7o de Atendimento M\u00f3vel de Urg\u00eancia (Samu). O ve\u00edculo estava carregado com material pl\u00e1stico, mas n\u00e3o houve derramamento.<\/p>\n<p><img decoding=\"async\" src=\"http:\/\/aconteceunovale.com.br\/portal\/wp-content\/uploads\/2014\/06\/carreta_tombada_19_06_1.jpg\" alt=\"\" \/><\/p>\n<p><img decoding=\"async\" src=\"http:\/\/aconteceunovale.com.br\/portal\/wp-content\/uploads\/2014\/06\/carreta_tombada_19_06_2.jpg\" alt=\"\" \/><\/p>\n<p><em><strong>(Fotos: Divulga\u00e7\u00e3o PRF)<\/strong><\/em><\/p>\n","protected":false},"excerpt":{"rendered":"<p>Um motorista morreu no tombamento de uma carreta nesta quinta-feira (19), em Leopoldina, na Zona da Mata Mineira. De acordo com a Pol\u00edcia Rodovi\u00e1ria Federal (PRF), o acidente aconteceu por volta das 7h, em uma curva, na altura do KM 782. A suspeita \u00e9 que J.E.M.C., de 54 anos, estivesse em alta velocidade e que, [&hellip;]<\/p>\n","protected":false},"author":1,"featured_media":32402,"comment_status":"open","ping_status":"closed","sticky":false,"template":"","format":"standard","meta":{"amp_status":"","footnotes":""},"categories":[123],"tags":[9221,9220,1018,208],"class_list":["post-32401","post","type-post","status-publish","format-standard","has-post-thumbnail","hentry","category-gerais","tag-acidente-com-carreta-em-leopoldina","tag-caminhoneiro-morre-preso-as-ferragens-em-acidente-na-br-116","tag-destaque","tag-leopoldina"],"_links":{"self":[{"href":"https:\/\/aconteceunovale.com.br\/portal\/index.php?rest_route=\/wp\/v2\/posts\/32401","targetHints":{"allow":["GET"]}}],"collection":[{"href":"https:\/\/aconteceunovale.com.br\/portal\/index.php?rest_route=\/wp\/v2\/posts"}],"about":[{"href":"https:\/\/aconteceunovale.com.br\/portal\/index.php?rest_route=\/wp\/v2\/types\/post"}],"author":[{"embeddable":true,"href":"https:\/\/aconteceunovale.com.br\/portal\/index.php?rest_route=\/wp\/v2\/users\/1"}],"replies":[{"embeddable":true,"href":"https:\/\/aconteceunovale.com.br\/portal\/index.php?rest_route=%2Fwp%2Fv2%2Fcomments&post=32401"}],"version-history":[{"count":0,"href":"https:\/\/aconteceunovale.com.br\/portal\/index.php?rest_route=\/wp\/v2\/posts\/32401\/revisions"}],"wp:featuredmedia":[{"embeddable":true,"href":"https:\/\/aconteceunovale.com.br\/portal\/index.php?rest_route=\/wp\/v2\/media\/32402"}],"wp:attachment":[{"href":"https:\/\/aconteceunovale.com.br\/portal\/index.php?rest_route=%2Fwp%2Fv2%2Fmedia&parent=32401"}],"wp:term":[{"taxonomy":"category","embeddable":true,"href":"https:\/\/aconteceunovale.com.br\/portal\/index.php?rest_route=%2Fwp%2Fv2%2Fcategories&post=32401"},{"taxonomy":"post_tag","embeddable":true,"href":"https:\/\/aconteceunovale.com.br\/portal\/index.php?rest_route=%2Fwp%2Fv2%2Ftags&post=32401"}],"curies":[{"name":"wp","href":"https:\/\/api.w.org\/{rel}","templated":true}]}}