{"id":32358,"date":"2014-06-18T21:43:58","date_gmt":"2014-06-19T00:43:58","guid":{"rendered":"http:\/\/aconteceunovale.com.br\/portal\/?p=32358"},"modified":"2014-06-18T21:43:58","modified_gmt":"2014-06-19T00:43:58","slug":"assaltantes-fazem-adolescente-refem-durante-tres-horas-em-montes-claros","status":"publish","type":"post","link":"https:\/\/aconteceunovale.com.br\/portal\/?p=32358","title":{"rendered":"Assaltantes fazem adolescente ref\u00e9m durante tr\u00eas horas em Montes Claros"},"content":{"rendered":"<p>Dois homens foram presos na tarde desta quarta-feira (18) suspeitos de assaltarem uma casa no bairro Planalto em Montes Claros, Norte de Minas Gerais. De acordo com a Pol\u00edcia Militar, no local, os suspeitos, de 19 e 20 anos, fizeram uma adolescente ref\u00e9m.<\/p>\n<p>\u201cEla ficou em um quarto por cerca de tr\u00eas horas. De dentro do quarto, ela conseguiu ligar para a m\u00e3e e chamou a pol\u00edcia, mas quando chegamos os dois j\u00e1 haviam fugido do local\u201d, afirma o sargento Rog\u00e9rio Mendes.<\/p>\n<p>Ainda segundo a PM os dois fugiram levando uma televis\u00e3o, objetos pessoais e dinheiro. Momentos depois eles foram presos e encaminhados \u00e0 delegacia. Esta \u00e9 a segunda pris\u00e3o da dupla pelo mesmo tipo de crime.<\/p>\n<p><em>(Inter TV Grande Minas)<\/em><\/p>\n","protected":false},"excerpt":{"rendered":"<p>Dois homens foram presos na tarde desta quarta-feira (18) suspeitos de assaltarem uma casa no bairro Planalto em Montes Claros, Norte de Minas Gerais. De acordo com a Pol\u00edcia Militar, no local, os suspeitos, de 19 e 20 anos, fizeram uma adolescente ref\u00e9m. \u201cEla ficou em um quarto por cerca de tr\u00eas horas. De dentro [&hellip;]<\/p>\n","protected":false},"author":1,"featured_media":32359,"comment_status":"open","ping_status":"closed","sticky":false,"template":"","format":"standard","meta":{"amp_status":"","footnotes":""},"categories":[1236],"tags":[9196,210],"class_list":["post-32358","post","type-post","status-publish","format-standard","has-post-thumbnail","hentry","category-norte_de_minas","tag-assaltantes-fazem-adolescente-refem-durante-tres-horas-em-montes-claros","tag-montes-claros"],"_links":{"self":[{"href":"https:\/\/aconteceunovale.com.br\/portal\/index.php?rest_route=\/wp\/v2\/posts\/32358","targetHints":{"allow":["GET"]}}],"collection":[{"href":"https:\/\/aconteceunovale.com.br\/portal\/index.php?rest_route=\/wp\/v2\/posts"}],"about":[{"href":"https:\/\/aconteceunovale.com.br\/portal\/index.php?rest_route=\/wp\/v2\/types\/post"}],"author":[{"embeddable":true,"href":"https:\/\/aconteceunovale.com.br\/portal\/index.php?rest_route=\/wp\/v2\/users\/1"}],"replies":[{"embeddable":true,"href":"https:\/\/aconteceunovale.com.br\/portal\/index.php?rest_route=%2Fwp%2Fv2%2Fcomments&post=32358"}],"version-history":[{"count":0,"href":"https:\/\/aconteceunovale.com.br\/portal\/index.php?rest_route=\/wp\/v2\/posts\/32358\/revisions"}],"wp:featuredmedia":[{"embeddable":true,"href":"https:\/\/aconteceunovale.com.br\/portal\/index.php?rest_route=\/wp\/v2\/media\/32359"}],"wp:attachment":[{"href":"https:\/\/aconteceunovale.com.br\/portal\/index.php?rest_route=%2Fwp%2Fv2%2Fmedia&parent=32358"}],"wp:term":[{"taxonomy":"category","embeddable":true,"href":"https:\/\/aconteceunovale.com.br\/portal\/index.php?rest_route=%2Fwp%2Fv2%2Fcategories&post=32358"},{"taxonomy":"post_tag","embeddable":true,"href":"https:\/\/aconteceunovale.com.br\/portal\/index.php?rest_route=%2Fwp%2Fv2%2Ftags&post=32358"}],"curies":[{"name":"wp","href":"https:\/\/api.w.org\/{rel}","templated":true}]}}