{"id":32355,"date":"2014-06-18T21:40:34","date_gmt":"2014-06-19T00:40:34","guid":{"rendered":"http:\/\/aconteceunovale.com.br\/portal\/?p=32355"},"modified":"2014-06-18T21:40:34","modified_gmt":"2014-06-19T00:40:34","slug":"grupo-e-preso-com-pasta-base-de-cocaina-em-governador-valadares","status":"publish","type":"post","link":"https:\/\/aconteceunovale.com.br\/portal\/?p=32355","title":{"rendered":"Grupo \u00e9 preso com pasta base de coca\u00edna em Governador Valadares"},"content":{"rendered":"<p>Duas pessoas foram presas e uma adolescente apreendida nesta quarta-feira (18), por tr\u00e1fico de drogas, no Bairro S\u00e3o Raimundo, em Governador Valadares, no Leste de Minas Gerais. Com o grupo, a pol\u00edcia encontrou cerca de um quilo de pasta base, um quilo de \u00e1cido b\u00f3rico, al\u00e9m de embalagens para comercializar pedras de crack.<\/p>\n<p>Um jovem de 18 anos, assumiu ser dono das subst\u00e2ncias e confirmou que usava as mulheres para transportar a droga. Uma mulher de 31 anos disse que ela e a adolescente de 16 anos tinham a fun\u00e7\u00e3o de despistar a pol\u00edcia.<\/p>\n<p><img decoding=\"async\" src=\"http:\/\/aconteceunovale.com.br\/portal\/wp-content\/uploads\/2014\/06\/apreensao_gv_18_6.jpg\" alt=\"\" \/><em>(Foto: Kildene de Jesus \/ Reprodu\u00e7\u00e3o Facebook)<\/em><br \/>\n<\/br><\/p>\n<p><em><strong>(Inter TV dos Vales)<\/strong><\/em><\/p>\n","protected":false},"excerpt":{"rendered":"<p>Duas pessoas foram presas e uma adolescente apreendida nesta quarta-feira (18), por tr\u00e1fico de drogas, no Bairro S\u00e3o Raimundo, em Governador Valadares, no Leste de Minas Gerais. Com o grupo, a pol\u00edcia encontrou cerca de um quilo de pasta base, um quilo de \u00e1cido b\u00f3rico, al\u00e9m de embalagens para comercializar pedras de crack. Um jovem [&hellip;]<\/p>\n","protected":false},"author":1,"featured_media":32356,"comment_status":"open","ping_status":"closed","sticky":false,"template":"","format":"standard","meta":{"amp_status":"","footnotes":""},"categories":[121],"tags":[247,9195],"class_list":["post-32355","post","type-post","status-publish","format-standard","has-post-thumbnail","hentry","category-leste","tag-governador-valadares","tag-grupo-e-preso-com-pasta-base-de-cocaina-em-governador-valadares"],"_links":{"self":[{"href":"https:\/\/aconteceunovale.com.br\/portal\/index.php?rest_route=\/wp\/v2\/posts\/32355","targetHints":{"allow":["GET"]}}],"collection":[{"href":"https:\/\/aconteceunovale.com.br\/portal\/index.php?rest_route=\/wp\/v2\/posts"}],"about":[{"href":"https:\/\/aconteceunovale.com.br\/portal\/index.php?rest_route=\/wp\/v2\/types\/post"}],"author":[{"embeddable":true,"href":"https:\/\/aconteceunovale.com.br\/portal\/index.php?rest_route=\/wp\/v2\/users\/1"}],"replies":[{"embeddable":true,"href":"https:\/\/aconteceunovale.com.br\/portal\/index.php?rest_route=%2Fwp%2Fv2%2Fcomments&post=32355"}],"version-history":[{"count":0,"href":"https:\/\/aconteceunovale.com.br\/portal\/index.php?rest_route=\/wp\/v2\/posts\/32355\/revisions"}],"wp:featuredmedia":[{"embeddable":true,"href":"https:\/\/aconteceunovale.com.br\/portal\/index.php?rest_route=\/wp\/v2\/media\/32356"}],"wp:attachment":[{"href":"https:\/\/aconteceunovale.com.br\/portal\/index.php?rest_route=%2Fwp%2Fv2%2Fmedia&parent=32355"}],"wp:term":[{"taxonomy":"category","embeddable":true,"href":"https:\/\/aconteceunovale.com.br\/portal\/index.php?rest_route=%2Fwp%2Fv2%2Fcategories&post=32355"},{"taxonomy":"post_tag","embeddable":true,"href":"https:\/\/aconteceunovale.com.br\/portal\/index.php?rest_route=%2Fwp%2Fv2%2Ftags&post=32355"}],"curies":[{"name":"wp","href":"https:\/\/api.w.org\/{rel}","templated":true}]}}