{"id":32349,"date":"2014-06-18T21:17:34","date_gmt":"2014-06-19T00:17:34","guid":{"rendered":"http:\/\/aconteceunovale.com.br\/portal\/?p=32349"},"modified":"2014-06-18T21:17:34","modified_gmt":"2014-06-19T00:17:34","slug":"servas-e-idene-assinam-termo-de-cooperacao-tecnica-para-beneficiar-entidades-do-norte-e-nordeste","status":"publish","type":"post","link":"https:\/\/aconteceunovale.com.br\/portal\/?p=32349","title":{"rendered":"Servas e Idene assinam termo de coopera\u00e7\u00e3o t\u00e9cnica para beneficiar entidades do Norte e Nordeste"},"content":{"rendered":"<h4><strong>Unidades da Associa\u00e7\u00e3o de Pais e Amigos dos Excepcionais (Apae) e institui\u00e7\u00f5es de longa perman\u00eancia para idosos (ILPIs) poder\u00e3o participar do Leite pela Vida<\/strong><\/h4>\n<p>O Servi\u00e7o Volunt\u00e1rio de Assist\u00eancia Social (Servas) e o Instituto de Desenvolvimento do Norte e Nordeste de Minas Gerais (Idene) acabam de assinar um termo de coopera\u00e7\u00e3o t\u00e9cnica, por meio da Secretaria de Estado de Desenvolvimento e Integra\u00e7\u00e3o do Norte e Nordeste de Minas Gerais (Sedinor), por meio do qual o Servas ir\u00e1 indicar 58 unidades da Associa\u00e7\u00e3o de Pais e Amigos dos Excepcionais (Apae) e 57 institui\u00e7\u00f5es de longa perman\u00eancia para idosos (ILPIs) aptas a participarem do Programa Leite pela Vida.<\/p>\n<p><img decoding=\"async\" src=\"http:\/\/aconteceunovale.com.br\/portal\/wp-content\/uploads\/2014\/06\/servas-e-idene-assinam-termo-de-cooperacao-tecnica-para-beneficiar-o-norte-e-nordeste.jpg\" alt=\"\" \/><em><strong>A presidente do Servas, C\u00e9lia Pinto Coelho, e o secret\u00e1rio da Sedinor, Raimundo Benoni Franco, firmaram a coopera\u00e7\u00e3o t\u00e9cnica &#8211; Foto: Divulga\u00e7\u00e3o\/Servas<\/strong><\/em><br \/>\n<\/br><\/p>\n<p>O termo foi assinado nesta quarta-feira (18\/06) pela presidente do Servas, C\u00e9lia Pinto Coelho, e pelo secret\u00e1rio da Sedinor, Raimundo Benoni Franco. Uma vez habilitadas ao programa, as institui\u00e7\u00f5es, localizadas nos vales do Jequitinhonha e Mucuri e no Norte de Minas, ter\u00e3o oportunidade de receber o produto conforme a sua demanda.<\/p>\n<h4><strong>Programa<\/strong><\/h4>\n<p>Realizado em parceria junto ao Minist\u00e9rio do Desenvolvimento Social e Combate \u00e0 Fome (MDS), o Programa Leite pela Vida foi implantado em 2004 com o objetivo de mudar o quadro de elevado grau de desnutri\u00e7\u00e3o de grande parte da popula\u00e7\u00e3o dos vales do Jequitinhonha e Mucuri e do Norte de Minas, bem como fortalecer a agricultura familiar e sua cadeia produtiva do leite.<\/p>\n<p>A regi\u00e3o concentra grupos socialmente vulner\u00e1veis e em situa\u00e7\u00e3o de inseguran\u00e7a alimentar, o que justificou a decis\u00e3o para implanta\u00e7\u00e3o do programa. Al\u00e9m dos problemas com a desnutri\u00e7\u00e3o, a regi\u00e3o registra elevados \u00edndices de analfabetismo e mortalidade infantil.<\/p>\n<p>Atualmente, 35 pequenas beneficiadoras est\u00e3o ligadas ao programa, cuja cota di\u00e1ria de distribui\u00e7\u00e3o nos 193 munic\u00edpios atendidos, estabelecida em conv\u00eanio, \u00e9 de 138 mil litros de leite. Entre os principais parceiros dessa iniciativa destacam-se o Ima, a Emater e o Consea estadual.<\/p>\n<h4><strong>Benefici\u00e1rios<\/strong><\/h4>\n<p>Os benefici\u00e1rios do Programa Leite pela Vida s\u00e3o crian\u00e7as de 2 a 7 anos de idade, idosos a partir de 60 anos, gestantes e nutrizes, al\u00e9m de entidades socioassistenciais.<\/p>\n<p>A sua execu\u00e7\u00e3o no Estado fica a cargo do Sistema Sedinor\/Idene, com participa\u00e7\u00e3o dos Comit\u00eas Gestores Municipais. A cada ano, o programa recebe em m\u00e9dia investimentos da ordem de R$ 90 milh\u00f5es, provenientes da Uni\u00e3o (80%) e do Estado (20%). O programa distribui um litro do produto para fam\u00edlias enquadradas no seu perfil.<\/p>\n<p>O Leite Pela Vida tamb\u00e9m fortalece a agricultura familiar, contribuindo para aumentar a renda no setor nos munic\u00edpios atendidos. Cerca de 4,5 mil produtores est\u00e3o hoje cadastrados, com m\u00e9dia de fornecimento de 100 litros de leite por dia.<\/p>\n<p>O controle social da distribui\u00e7\u00e3o do leite \u00e9 feito por comit\u00eas gestores municipais, respons\u00e1veis pelo seu acompanhamento no \u00e2mbito do munic\u00edpio, com a supervis\u00e3o e orienta\u00e7\u00e3o do sistema Sedinor\/Idene. (Ag\u00eancia Minas)<\/p>\n","protected":false},"excerpt":{"rendered":"<p>Unidades da Associa\u00e7\u00e3o de Pais e Amigos dos Excepcionais (Apae) e institui\u00e7\u00f5es de longa perman\u00eancia para idosos (ILPIs) poder\u00e3o participar do Leite pela Vida O Servi\u00e7o Volunt\u00e1rio de Assist\u00eancia Social (Servas) e o Instituto de Desenvolvimento do Norte e Nordeste de Minas Gerais (Idene) acabam de assinar um termo de coopera\u00e7\u00e3o t\u00e9cnica, por meio da [&hellip;]<\/p>\n","protected":false},"author":1,"featured_media":32350,"comment_status":"open","ping_status":"closed","sticky":false,"template":"","format":"standard","meta":{"amp_status":"","footnotes":""},"categories":[123],"tags":[1018,9190,9189],"class_list":["post-32349","post","type-post","status-publish","format-standard","has-post-thumbnail","hentry","category-gerais","tag-destaque","tag-o-servico-voluntario-de-assistencia-social-servas-e-o-instituto-de-desenvolvimento-do-norte-e-nordeste-de-minas-gerais-idene-acabam-de-assinar-um-termo-de-cooperacao-tecnica","tag-servas-e-idene-assinam-termo-de-cooperacao-tecnica-para-beneficiar-entidades-do-norte-e-nordeste"],"_links":{"self":[{"href":"https:\/\/aconteceunovale.com.br\/portal\/index.php?rest_route=\/wp\/v2\/posts\/32349","targetHints":{"allow":["GET"]}}],"collection":[{"href":"https:\/\/aconteceunovale.com.br\/portal\/index.php?rest_route=\/wp\/v2\/posts"}],"about":[{"href":"https:\/\/aconteceunovale.com.br\/portal\/index.php?rest_route=\/wp\/v2\/types\/post"}],"author":[{"embeddable":true,"href":"https:\/\/aconteceunovale.com.br\/portal\/index.php?rest_route=\/wp\/v2\/users\/1"}],"replies":[{"embeddable":true,"href":"https:\/\/aconteceunovale.com.br\/portal\/index.php?rest_route=%2Fwp%2Fv2%2Fcomments&post=32349"}],"version-history":[{"count":0,"href":"https:\/\/aconteceunovale.com.br\/portal\/index.php?rest_route=\/wp\/v2\/posts\/32349\/revisions"}],"wp:featuredmedia":[{"embeddable":true,"href":"https:\/\/aconteceunovale.com.br\/portal\/index.php?rest_route=\/wp\/v2\/media\/32350"}],"wp:attachment":[{"href":"https:\/\/aconteceunovale.com.br\/portal\/index.php?rest_route=%2Fwp%2Fv2%2Fmedia&parent=32349"}],"wp:term":[{"taxonomy":"category","embeddable":true,"href":"https:\/\/aconteceunovale.com.br\/portal\/index.php?rest_route=%2Fwp%2Fv2%2Fcategories&post=32349"},{"taxonomy":"post_tag","embeddable":true,"href":"https:\/\/aconteceunovale.com.br\/portal\/index.php?rest_route=%2Fwp%2Fv2%2Ftags&post=32349"}],"curies":[{"name":"wp","href":"https:\/\/api.w.org\/{rel}","templated":true}]}}