{"id":32339,"date":"2014-06-18T17:28:25","date_gmt":"2014-06-18T20:28:25","guid":{"rendered":"http:\/\/aconteceunovale.com.br\/portal\/?p=32339"},"modified":"2014-06-18T21:59:50","modified_gmt":"2014-06-19T00:59:50","slug":"deputado-bonifacio-andrada-e-detido-com-arma-sem-documentacao-em-aeroporto-de-belo-horizonte","status":"publish","type":"post","link":"https:\/\/aconteceunovale.com.br\/portal\/?p=32339","title":{"rendered":"Deputado Bonif\u00e1cio Andrada \u00e9 detido com arma sem documenta\u00e7\u00e3o em aeroporto de Belo Horizonte"},"content":{"rendered":"<p>O deputado federal Bonif\u00e1cio Andrada  (PSDB) foi detido nesta quarta-feira (18) com uma arma sem registro no Aeroporto Internacional Tancredo Neves, em Confins, na regi\u00e3o metropolitana da capital. Das 13h \u00e0s 16h, ele ficou em uma sala da Pol\u00edcia Federal, no aeroporto, prestando esclarecimentos. Ele foi liberado sem pagar fian\u00e7a e conseguiu embarcar. <\/p>\n<p><img decoding=\"async\" src=\"http:\/\/aconteceunovale.com.br\/portal\/wp-content\/uploads\/2014\/06\/bonifacio_andrada_detido.jpg\" alt=\"\" \/><em>(Foto: Divulga\u00e7\u00e3o \/ Deputado Bonif\u00e1cio Andrada)<\/em><br \/>\n<\/br><\/p>\n<p>De acordo com o delegado da Pol\u00edcia Federal Juvercino Guerra, o deputado foi impedido de embarcar de Belo Horizonte para Bras\u00edlia quando passou pelo raio-x e os funcion\u00e1rios do aeroporto perceberam que ele levava uma arma na bagagem. Em depoimento, o deputado afirmou que tem o costume de viajar com o rev\u00f3lver calibre 32 e que deve ter esquecido o registro em Barbacena, no Campo das Vertentes, ou em Bras\u00edlia. N\u00e3o foi informado se o rev\u00f3lver estava ou n\u00e3o carregado.<\/p>\n<p>Segundo o delegado, foi aberto um inqu\u00e9rito para apurar o caso e o deputado tem at\u00e9 30 dias para apresentar a documenta\u00e7\u00e3o relativa \u00e0 arma. Se ele n\u00e3o apresentar o registro, o Supremo Tribunal Federal (STF) ficar\u00e1 encarregado de tomar as provid\u00eancias em rela\u00e7\u00e3o a quest\u00e3o. <\/p>\n<h4><strong>Ouvido e liberado<\/strong><\/h4>\n<p>&#8220;S\u00f3 pode ser lavrado o auto de flagrante em caso de crimes inafian\u00e7\u00e1veis. Como se tratava (a arma) de calibre 32, n\u00e3o se lavra flagrante, porque \u00e9 um crime em que cabe fian\u00e7a&#8221;, afirmou o delegado da Pol\u00edcia Federal Juvercino Guerra, respons\u00e1vel pelo caso. Bonif\u00e1cio Andrada n\u00e3o pagou fian\u00e7a porque exerce a fun\u00e7\u00e3o de deputado e este benef\u00edcio \u00e9 garantido a ele pela Constitui\u00e7\u00e3o. <\/p>\n<p>A assessoria de imprensa do deputado informou que ele est\u00e1 viajando para v\u00e1rios munic\u00edpios no interior de Minas em campanha e que estava levando uma arma antiga que possui. <\/p>\n<p>Por meio de nota, a Pol\u00edcia Federal informou que a arma foi apreendida. A pol\u00edcia informou ainda que informou a ilicitude \u00e0 C\u00e2mara dos Deputados e ao STF.<\/p>\n<p><em><strong>(O Tempo)<\/strong><\/em><\/p>\n","protected":false},"excerpt":{"rendered":"<p>O deputado federal Bonif\u00e1cio Andrada (PSDB) foi detido nesta quarta-feira (18) com uma arma sem registro no Aeroporto Internacional Tancredo Neves, em Confins, na regi\u00e3o metropolitana da capital. Das 13h \u00e0s 16h, ele ficou em uma sala da Pol\u00edcia Federal, no aeroporto, prestando esclarecimentos. Ele foi liberado sem pagar fian\u00e7a e conseguiu embarcar. (Foto: Divulga\u00e7\u00e3o [&hellip;]<\/p>\n","protected":false},"author":1,"featured_media":32340,"comment_status":"open","ping_status":"closed","sticky":false,"template":"","format":"standard","meta":{"amp_status":"","footnotes":""},"categories":[123],"tags":[194,9179,9178,9177,1018],"class_list":["post-32339","post","type-post","status-publish","format-standard","has-post-thumbnail","hentry","category-gerais","tag-belo-horizonte","tag-deputado-bonifacio-andrada","tag-deputado-bonifacio-andrada-e-detido","tag-deputado-bonifacio-andrada-e-detido-com-arma-sem-documentacao-em-aeroporto-de-belo-horizonte","tag-destaque"],"_links":{"self":[{"href":"https:\/\/aconteceunovale.com.br\/portal\/index.php?rest_route=\/wp\/v2\/posts\/32339","targetHints":{"allow":["GET"]}}],"collection":[{"href":"https:\/\/aconteceunovale.com.br\/portal\/index.php?rest_route=\/wp\/v2\/posts"}],"about":[{"href":"https:\/\/aconteceunovale.com.br\/portal\/index.php?rest_route=\/wp\/v2\/types\/post"}],"author":[{"embeddable":true,"href":"https:\/\/aconteceunovale.com.br\/portal\/index.php?rest_route=\/wp\/v2\/users\/1"}],"replies":[{"embeddable":true,"href":"https:\/\/aconteceunovale.com.br\/portal\/index.php?rest_route=%2Fwp%2Fv2%2Fcomments&post=32339"}],"version-history":[{"count":0,"href":"https:\/\/aconteceunovale.com.br\/portal\/index.php?rest_route=\/wp\/v2\/posts\/32339\/revisions"}],"wp:featuredmedia":[{"embeddable":true,"href":"https:\/\/aconteceunovale.com.br\/portal\/index.php?rest_route=\/wp\/v2\/media\/32340"}],"wp:attachment":[{"href":"https:\/\/aconteceunovale.com.br\/portal\/index.php?rest_route=%2Fwp%2Fv2%2Fmedia&parent=32339"}],"wp:term":[{"taxonomy":"category","embeddable":true,"href":"https:\/\/aconteceunovale.com.br\/portal\/index.php?rest_route=%2Fwp%2Fv2%2Fcategories&post=32339"},{"taxonomy":"post_tag","embeddable":true,"href":"https:\/\/aconteceunovale.com.br\/portal\/index.php?rest_route=%2Fwp%2Fv2%2Ftags&post=32339"}],"curies":[{"name":"wp","href":"https:\/\/api.w.org\/{rel}","templated":true}]}}