{"id":32337,"date":"2014-06-18T17:15:53","date_gmt":"2014-06-18T20:15:53","guid":{"rendered":"http:\/\/aconteceunovale.com.br\/portal\/?p=32337"},"modified":"2014-06-18T17:15:53","modified_gmt":"2014-06-18T20:15:53","slug":"detento-morre-apos-ser-resgatado-com-diversos-ferimentos-da-cadeia-de-pecanha","status":"publish","type":"post","link":"https:\/\/aconteceunovale.com.br\/portal\/?p=32337","title":{"rendered":"Detento morre ap\u00f3s ser resgatado com diversos ferimentos da Cadeia de Pe\u00e7anha"},"content":{"rendered":"<p>Um detendo da cadeia p\u00fablica de Pe\u00e7anha morreu nessa ter\u00e7a-feira (17). Segundo a Pol\u00edcia Militar, um agente penitenci\u00e1rio informou que presos da cela 04, relataram que o detento G.P.S., de 47 anos, havia ca\u00eddo de sua cama e estava desmaiado.<\/p>\n<p>Ainda segundo a Pol\u00edcia, o detento estava de barriga para baixo, com escoria\u00e7\u00e3o no joelho esquerdo e direito e no antebra\u00e7o direito, v\u00e1rias perfura\u00e7\u00f5es e arranh\u00f5es, hematomas na lombar do lado direito, um galo com arranh\u00f5es do lado esquerdo na testa e na face. <\/p>\n<p>O preso foi retirado da cela e socorrido rapidamente ao hospital da cidade, por\u00e9m, segundo medico, ele j\u00e1 chegou sem vida. A per\u00edcia foi acionada, realizou o trabalho de praxe, mas n\u00e3o informou a causa da morte. O corpo do detendo foi encaminhado ao IML de Governador Valadares.<\/p>\n<p><em>(Folha de Guanh\u00e3es)<\/em><\/p>\n","protected":false},"excerpt":{"rendered":"<p>Um detendo da cadeia p\u00fablica de Pe\u00e7anha morreu nessa ter\u00e7a-feira (17). Segundo a Pol\u00edcia Militar, um agente penitenci\u00e1rio informou que presos da cela 04, relataram que o detento G.P.S., de 47 anos, havia ca\u00eddo de sua cama e estava desmaiado. Ainda segundo a Pol\u00edcia, o detento estava de barriga para baixo, com escoria\u00e7\u00e3o no joelho [&hellip;]<\/p>\n","protected":false},"author":1,"featured_media":13667,"comment_status":"open","ping_status":"closed","sticky":false,"template":"","format":"standard","meta":{"amp_status":"","footnotes":""},"categories":[121],"tags":[9176,306],"class_list":["post-32337","post","type-post","status-publish","format-standard","has-post-thumbnail","hentry","category-leste","tag-detento-morre-apos-ser-resgatado-com-diversos-ferimentos-da-cadeia-de-pecanha","tag-pecanha"],"_links":{"self":[{"href":"https:\/\/aconteceunovale.com.br\/portal\/index.php?rest_route=\/wp\/v2\/posts\/32337","targetHints":{"allow":["GET"]}}],"collection":[{"href":"https:\/\/aconteceunovale.com.br\/portal\/index.php?rest_route=\/wp\/v2\/posts"}],"about":[{"href":"https:\/\/aconteceunovale.com.br\/portal\/index.php?rest_route=\/wp\/v2\/types\/post"}],"author":[{"embeddable":true,"href":"https:\/\/aconteceunovale.com.br\/portal\/index.php?rest_route=\/wp\/v2\/users\/1"}],"replies":[{"embeddable":true,"href":"https:\/\/aconteceunovale.com.br\/portal\/index.php?rest_route=%2Fwp%2Fv2%2Fcomments&post=32337"}],"version-history":[{"count":0,"href":"https:\/\/aconteceunovale.com.br\/portal\/index.php?rest_route=\/wp\/v2\/posts\/32337\/revisions"}],"wp:featuredmedia":[{"embeddable":true,"href":"https:\/\/aconteceunovale.com.br\/portal\/index.php?rest_route=\/wp\/v2\/media\/13667"}],"wp:attachment":[{"href":"https:\/\/aconteceunovale.com.br\/portal\/index.php?rest_route=%2Fwp%2Fv2%2Fmedia&parent=32337"}],"wp:term":[{"taxonomy":"category","embeddable":true,"href":"https:\/\/aconteceunovale.com.br\/portal\/index.php?rest_route=%2Fwp%2Fv2%2Fcategories&post=32337"},{"taxonomy":"post_tag","embeddable":true,"href":"https:\/\/aconteceunovale.com.br\/portal\/index.php?rest_route=%2Fwp%2Fv2%2Ftags&post=32337"}],"curies":[{"name":"wp","href":"https:\/\/api.w.org\/{rel}","templated":true}]}}