{"id":32278,"date":"2014-06-17T21:32:44","date_gmt":"2014-06-18T00:32:44","guid":{"rendered":"http:\/\/aconteceunovale.com.br\/portal\/?p=32278"},"modified":"2014-06-18T18:33:17","modified_gmt":"2014-06-18T21:33:17","slug":"jovem-e-encontrado-morto-embaixo-da-ponte-da-ilha-dos-araujos-em-valadares","status":"publish","type":"post","link":"https:\/\/aconteceunovale.com.br\/portal\/?p=32278","title":{"rendered":"Jovem \u00e9 encontrado morto embaixo da ponte da Ilha dos Ara\u00fajos em Valadares"},"content":{"rendered":"<p>Um homem foi encontrado morto no in\u00edcio da noite desta ter\u00e7a-feira, 17 de junho, embaixo da Ponte da Ilha dos Ara\u00fajos, em Governador Valadares, no Leste de Minas Gerais.<\/p>\n<p>A v\u00edtima foi identificada como Vandelci Honorato Filho, de 22 anos, popularmente conhecido como Ded\u00e9 Maverick. O jovem \u00e9 filho de um Bombeiro Militar aposentado. <\/p>\n<p>As primeiras informa\u00e7\u00f5es d\u00e3o conta que a v\u00edtima teria sido baleada durante o jogo da Sele\u00e7\u00e3o Brasileira nas imedia\u00e7\u00f5es da Pra\u00e7a dos Pioneiros, onde havia uma aglomera\u00e7\u00e3o de pessoas que assistiam ao jogo em um tel\u00e3o. Segundo relatos ap\u00f3s ser baleado o jovem teria sa\u00eddo correndo e acabou caindo da ponte.<\/p>\n<p>A Pol\u00edcia Militar e o SAMU compareceram ao local, mas a v\u00edtima j\u00e1 estava sem os sinais vitais. A per\u00edcia t\u00e9cnica da Pol\u00edcia Civil foi acionada para levantamento das informa\u00e7\u00f5es necess\u00e1rias para investiga\u00e7\u00e3o do crime.<\/p>\n<p><img decoding=\"async\" src=\"http:\/\/aconteceunovale.com.br\/portal\/wp-content\/uploads\/2014\/06\/andre_maverick.jpg\" alt=\"\" \/><em>(Foto: Kildene de Jesus \/ Imagem de perfil: Reprodu\u00e7\u00e3o Facebook)<\/em><\/p>\n","protected":false},"excerpt":{"rendered":"<p>Um homem foi encontrado morto no in\u00edcio da noite desta ter\u00e7a-feira, 17 de junho, embaixo da Ponte da Ilha dos Ara\u00fajos, em Governador Valadares, no Leste de Minas Gerais. A v\u00edtima foi identificada como Vandelci Honorato Filho, de 22 anos, popularmente conhecido como Ded\u00e9 Maverick. O jovem \u00e9 filho de um Bombeiro Militar aposentado. As [&hellip;]<\/p>\n","protected":false},"author":1,"featured_media":32279,"comment_status":"open","ping_status":"closed","sticky":false,"template":"","format":"standard","meta":{"amp_status":"","footnotes":""},"categories":[121],"tags":[9143,1018,247,9142],"class_list":["post-32278","post","type-post","status-publish","format-standard","has-post-thumbnail","hentry","category-leste","tag-dede-maverick","tag-destaque","tag-governador-valadares","tag-jovem-e-encontrado-morto-embaixo-da-ponte-da-ilha-dos-araujos-em-valadares"],"_links":{"self":[{"href":"https:\/\/aconteceunovale.com.br\/portal\/index.php?rest_route=\/wp\/v2\/posts\/32278","targetHints":{"allow":["GET"]}}],"collection":[{"href":"https:\/\/aconteceunovale.com.br\/portal\/index.php?rest_route=\/wp\/v2\/posts"}],"about":[{"href":"https:\/\/aconteceunovale.com.br\/portal\/index.php?rest_route=\/wp\/v2\/types\/post"}],"author":[{"embeddable":true,"href":"https:\/\/aconteceunovale.com.br\/portal\/index.php?rest_route=\/wp\/v2\/users\/1"}],"replies":[{"embeddable":true,"href":"https:\/\/aconteceunovale.com.br\/portal\/index.php?rest_route=%2Fwp%2Fv2%2Fcomments&post=32278"}],"version-history":[{"count":0,"href":"https:\/\/aconteceunovale.com.br\/portal\/index.php?rest_route=\/wp\/v2\/posts\/32278\/revisions"}],"wp:featuredmedia":[{"embeddable":true,"href":"https:\/\/aconteceunovale.com.br\/portal\/index.php?rest_route=\/wp\/v2\/media\/32279"}],"wp:attachment":[{"href":"https:\/\/aconteceunovale.com.br\/portal\/index.php?rest_route=%2Fwp%2Fv2%2Fmedia&parent=32278"}],"wp:term":[{"taxonomy":"category","embeddable":true,"href":"https:\/\/aconteceunovale.com.br\/portal\/index.php?rest_route=%2Fwp%2Fv2%2Fcategories&post=32278"},{"taxonomy":"post_tag","embeddable":true,"href":"https:\/\/aconteceunovale.com.br\/portal\/index.php?rest_route=%2Fwp%2Fv2%2Ftags&post=32278"}],"curies":[{"name":"wp","href":"https:\/\/api.w.org\/{rel}","templated":true}]}}