{"id":32261,"date":"2014-06-17T18:33:28","date_gmt":"2014-06-17T21:33:28","guid":{"rendered":"http:\/\/aconteceunovale.com.br\/portal\/?p=32261"},"modified":"2014-06-17T18:33:28","modified_gmt":"2014-06-17T21:33:28","slug":"noivo-e-esfaqueado-no-dia-do-casamento-em-paulistas","status":"publish","type":"post","link":"https:\/\/aconteceunovale.com.br\/portal\/?p=32261","title":{"rendered":"Noivo \u00e9 esfaqueado no dia do casamento em Paulistas"},"content":{"rendered":"<p>S\u00e1bado, dia 14 de junho, foi \u00e0 data escolhida para o casamento de C.J.B.P., de 52 anos, na cidade de Paulistas, no Leste de Minas Gerais. Por\u00e9m, o dia que era pra ser de felicidade, come\u00e7ou com trag\u00e9dia. Isso porque, o noivo sofreu uma tentativa de homic\u00eddio.<\/p>\n<p>Segundo informa\u00e7\u00f5es da PM, a guarni\u00e7\u00e3o foi acionada pelo cunhado da v\u00edtima, informando que o homem S.P.S., de 47 anos, esfaqueou o noivo, no dia do seu casamento. Ao chegar o local, os policiais foram informados que a v\u00edtima foi socorrida por terceiros ao hospital de Pronto Socorro de S\u00e3o Jo\u00e3o Evangelista e que o autor teria fugido.<\/p>\n<p>O noivo sofreu um corte no pesco\u00e7o do lado esquerdo, no bra\u00e7o esquerdo e no dedo, sendo medicado e liberado em seguida. Ainda segundo informa\u00e7\u00f5es da PM, o autor gosta da noiva e essa teria sido a motiva\u00e7\u00e3o do crime. J\u00e1 parentes do autor alegaram que ele sofre altera\u00e7\u00f5es nas faculdades mentais, inclusive toma rem\u00e9dio controlado.<\/p>\n<p>Diante das informa\u00e7\u00f5es e ap\u00f3s rastreamento, os militares conseguiram prender o autor e a faca utilizada na tentativa de homic\u00eddio, que foram encaminhados para a Delegacia de Guanh\u00e3es.<\/p>\n<p><strong>(Folha de Guanh\u00e3es)<\/strong><\/p>\n","protected":false},"excerpt":{"rendered":"<p>S\u00e1bado, dia 14 de junho, foi \u00e0 data escolhida para o casamento de C.J.B.P., de 52 anos, na cidade de Paulistas, no Leste de Minas Gerais. Por\u00e9m, o dia que era pra ser de felicidade, come\u00e7ou com trag\u00e9dia. Isso porque, o noivo sofreu uma tentativa de homic\u00eddio. Segundo informa\u00e7\u00f5es da PM, a guarni\u00e7\u00e3o foi acionada [&hellip;]<\/p>\n","protected":false},"author":1,"featured_media":22994,"comment_status":"open","ping_status":"closed","sticky":false,"template":"","format":"standard","meta":{"amp_status":"","footnotes":""},"categories":[121],"tags":[9137,305],"class_list":["post-32261","post","type-post","status-publish","format-standard","has-post-thumbnail","hentry","category-leste","tag-noivo-e-esfaqueado-no-dia-do-casamento-em-paulistas","tag-paulistas"],"_links":{"self":[{"href":"https:\/\/aconteceunovale.com.br\/portal\/index.php?rest_route=\/wp\/v2\/posts\/32261","targetHints":{"allow":["GET"]}}],"collection":[{"href":"https:\/\/aconteceunovale.com.br\/portal\/index.php?rest_route=\/wp\/v2\/posts"}],"about":[{"href":"https:\/\/aconteceunovale.com.br\/portal\/index.php?rest_route=\/wp\/v2\/types\/post"}],"author":[{"embeddable":true,"href":"https:\/\/aconteceunovale.com.br\/portal\/index.php?rest_route=\/wp\/v2\/users\/1"}],"replies":[{"embeddable":true,"href":"https:\/\/aconteceunovale.com.br\/portal\/index.php?rest_route=%2Fwp%2Fv2%2Fcomments&post=32261"}],"version-history":[{"count":0,"href":"https:\/\/aconteceunovale.com.br\/portal\/index.php?rest_route=\/wp\/v2\/posts\/32261\/revisions"}],"wp:featuredmedia":[{"embeddable":true,"href":"https:\/\/aconteceunovale.com.br\/portal\/index.php?rest_route=\/wp\/v2\/media\/22994"}],"wp:attachment":[{"href":"https:\/\/aconteceunovale.com.br\/portal\/index.php?rest_route=%2Fwp%2Fv2%2Fmedia&parent=32261"}],"wp:term":[{"taxonomy":"category","embeddable":true,"href":"https:\/\/aconteceunovale.com.br\/portal\/index.php?rest_route=%2Fwp%2Fv2%2Fcategories&post=32261"},{"taxonomy":"post_tag","embeddable":true,"href":"https:\/\/aconteceunovale.com.br\/portal\/index.php?rest_route=%2Fwp%2Fv2%2Ftags&post=32261"}],"curies":[{"name":"wp","href":"https:\/\/api.w.org\/{rel}","templated":true}]}}