{"id":32248,"date":"2014-06-17T14:45:56","date_gmt":"2014-06-17T17:45:56","guid":{"rendered":"http:\/\/aconteceunovale.com.br\/portal\/?p=32248"},"modified":"2014-06-17T23:06:16","modified_gmt":"2014-06-18T02:06:16","slug":"tres-pessoas-ficam-gravemente-feridas-em-colisao-frontal-na-br-116","status":"publish","type":"post","link":"https:\/\/aconteceunovale.com.br\/portal\/?p=32248","title":{"rendered":"Tr\u00eas pessoas ficam gravemente feridas em colis\u00e3o frontal na BR-116"},"content":{"rendered":"<p>Tr\u00eas pessoas ficaram feridas em um grave acidente na manh\u00e3 desta ter\u00e7a-feira, 17 de junho, na altura do quil\u00f4metro 350 da BR-116, no C\u00f3rrego Taboquinha, pr\u00f3ximo a Campan\u00e1rio\/MG.<\/p>\n<p>De acordo com informa\u00e7\u00f5es, a colis\u00e3o frontal entre um ve\u00edculo da Prefeitura Municipal de Machacalis e um caminh\u00e3o deixou tr\u00eas v\u00edtimas feridas. Sendo que, uma mulher teve fratura exposta no joelho, o motorista do ve\u00edculo pequeno teve les\u00e3o extensa no bra\u00e7o e o motorista do caminh\u00e3o teve les\u00f5es na cabe\u00e7a, fratura no bra\u00e7o e trauma tor\u00e1cico. No ve\u00edculo de passeio ainda estava outra mulher que teve apenas escoria\u00e7\u00f5es leves.<\/p>\n<p>Todos os feridos foram socorridos por equipes do Servi\u00e7o de Atendimento M\u00f3vel de Urg\u00eancia (SAMU) e Corpo de Bombeiros e encaminhados para o Hospital Santa Ros\u00e1lia, em Te\u00f3filo Otoni.<\/p>\n<p>As causas do acidente ainda est\u00e3o sendo apuradas, mas a Pol\u00edcia Rodovi\u00e1ria Federal acredita que o carro de passeio invadiu a pista contr\u00e1ria e bateu de frente com o caminh\u00e3o.<\/p>\n<p><img decoding=\"async\" src=\"http:\/\/aconteceunovale.com.br\/portal\/wp-content\/uploads\/2014\/06\/acidente_116_17_6_1.jpg\" alt=\"\" \/><\/p>\n<p><img decoding=\"async\" src=\"http:\/\/aconteceunovale.com.br\/portal\/wp-content\/uploads\/2014\/06\/acidente_116_17_6_2.jpg\" alt=\"\" \/><\/p>\n<p><img decoding=\"async\" src=\"http:\/\/aconteceunovale.com.br\/portal\/wp-content\/uploads\/2014\/06\/acidente_116_17_6_3.jpg\" alt=\"\" \/><\/p>\n<p><img decoding=\"async\" src=\"http:\/\/aconteceunovale.com.br\/portal\/wp-content\/uploads\/2014\/06\/acidente_116_17_6_4.jpg\" alt=\"\" \/><\/p>\n<p><img decoding=\"async\" src=\"http:\/\/aconteceunovale.com.br\/portal\/wp-content\/uploads\/2014\/06\/acidente_116_17_6_5.jpg\" alt=\"\" \/><\/p>\n","protected":false},"excerpt":{"rendered":"<p>Tr\u00eas pessoas ficaram feridas em um grave acidente na manh\u00e3 desta ter\u00e7a-feira, 17 de junho, na altura do quil\u00f4metro 350 da BR-116, no C\u00f3rrego Taboquinha, pr\u00f3ximo a Campan\u00e1rio\/MG. De acordo com informa\u00e7\u00f5es, a colis\u00e3o frontal entre um ve\u00edculo da Prefeitura Municipal de Machacalis e um caminh\u00e3o deixou tr\u00eas v\u00edtimas feridas. Sendo que, uma mulher teve [&hellip;]<\/p>\n","protected":false},"author":1,"featured_media":32249,"comment_status":"open","ping_status":"closed","sticky":false,"template":"","format":"standard","meta":{"amp_status":"","footnotes":""},"categories":[121],"tags":[9131,9132,277,1018,9130,2236,9129],"class_list":["post-32248","post","type-post","status-publish","format-standard","has-post-thumbnail","hentry","category-leste","tag-acidente-com-veiculo-da-prefeitura-de-machacalis","tag-acidente-envolvendo-um-veiculo-da-prefeitura-municipal-de-machacalis","tag-campanario","tag-destaque","tag-fotos-do-acidente-com-veiculo-da-prefeitura-de-machacalis","tag-machacalis","tag-tres-pessoas-ficam-gravemente-feridas-em-colisao-frontal-na-br-116"],"_links":{"self":[{"href":"https:\/\/aconteceunovale.com.br\/portal\/index.php?rest_route=\/wp\/v2\/posts\/32248","targetHints":{"allow":["GET"]}}],"collection":[{"href":"https:\/\/aconteceunovale.com.br\/portal\/index.php?rest_route=\/wp\/v2\/posts"}],"about":[{"href":"https:\/\/aconteceunovale.com.br\/portal\/index.php?rest_route=\/wp\/v2\/types\/post"}],"author":[{"embeddable":true,"href":"https:\/\/aconteceunovale.com.br\/portal\/index.php?rest_route=\/wp\/v2\/users\/1"}],"replies":[{"embeddable":true,"href":"https:\/\/aconteceunovale.com.br\/portal\/index.php?rest_route=%2Fwp%2Fv2%2Fcomments&post=32248"}],"version-history":[{"count":0,"href":"https:\/\/aconteceunovale.com.br\/portal\/index.php?rest_route=\/wp\/v2\/posts\/32248\/revisions"}],"wp:featuredmedia":[{"embeddable":true,"href":"https:\/\/aconteceunovale.com.br\/portal\/index.php?rest_route=\/wp\/v2\/media\/32249"}],"wp:attachment":[{"href":"https:\/\/aconteceunovale.com.br\/portal\/index.php?rest_route=%2Fwp%2Fv2%2Fmedia&parent=32248"}],"wp:term":[{"taxonomy":"category","embeddable":true,"href":"https:\/\/aconteceunovale.com.br\/portal\/index.php?rest_route=%2Fwp%2Fv2%2Fcategories&post=32248"},{"taxonomy":"post_tag","embeddable":true,"href":"https:\/\/aconteceunovale.com.br\/portal\/index.php?rest_route=%2Fwp%2Fv2%2Ftags&post=32248"}],"curies":[{"name":"wp","href":"https:\/\/api.w.org\/{rel}","templated":true}]}}