{"id":32239,"date":"2014-06-17T13:19:38","date_gmt":"2014-06-17T16:19:38","guid":{"rendered":"http:\/\/aconteceunovale.com.br\/portal\/?p=32239"},"modified":"2014-06-17T13:19:38","modified_gmt":"2014-06-17T16:19:38","slug":"vitimas-de-acidente-envolvendo-carreteiro-embriagado-serao-enterradas-hoje-em-francisco-sa","status":"publish","type":"post","link":"https:\/\/aconteceunovale.com.br\/portal\/?p=32239","title":{"rendered":"V\u00edtimas de acidente envolvendo carreteiro embriagado ser\u00e3o enterradas hoje em Francisco S\u00e1"},"content":{"rendered":"<p>Ser\u00e3o sepultados, nesta ter\u00e7a-feira, os corpos de quatro pessoas que viajavam em um Gol que foi atingido por uma carreta na manh\u00e3 de segunda-feira na BR-251, km 493, no munic\u00edpio de Francisco S\u00e1, Norte de Minas. A carreta era dirigida por Leonel Zatorski, de 31 anos, natural de Bituruna (PR), que segundo a Pol\u00edcia Rodovi\u00e1ria Federal, estava alcoolizado e teria provocado o acidente. Ele foi preso em flagrante e levado para a Penitenci\u00e1ria de Francisco S\u00e1. <\/p>\n<p>Morreram no desastre o motorista do Gol, Geraldo Rodrigues de Brito, de 36 anos; e outros tr\u00eas ocupantes do veiculo: Marizete de F\u00e1tima Colares Santos, de 44; Jos\u00e9 Rofrigues da Silva, de 68; e Joaquina Alves da Silva, de 67. Os corpos das v\u00edtimas foram encaminhados para o Instituto M\u00e9dico Legal (IML) de Montes Claros. Nesta ter\u00e7a-feira, ser\u00e3o sepultados na localidade rural de Varginha, a tr\u00eas quil\u00f4metros do distrito de Catuni, no munic\u00edpio de Francisco S\u00e1.<\/p>\n<p>A carreta envolvida no acidente viajava do Mato Grosso para Salvador, com uma carga fria de embutidos (presuntos e outros produtos). Conforme uma fonte da Pol\u00edcia Rodovi\u00e1ria Federal, na manh\u00e3 de ontem, o caminhoneiro carga parou em um posto de combust\u00edveis \u00e0s margens da na BR-251, no munic\u00edpio de Montes Claros, onde teria feito o uso de bebida alco\u00f3lica. Logo depois, pegou a estrada.<\/p>\n<p>O acidente aconteceu logo ap\u00f3s a ponte sobre o Rio Caititu. Conforme a PRF, a carreta invadiu a contram\u00e3o. O motorista do Gol tentou sair pelo acostamento, mas n\u00e3o conseguiu evitar o choque. Ainda segundo a PRF, O condutor da carreta, que sofreu apenas leves, apresenta fortes sintomas de embriague e estaria, inclusive, com dificuldades para andar, sendo preso em flagrante,com base na Lei Seca.<\/p>\n<p><img decoding=\"async\" src=\"http:\/\/aconteceunovale.com.br\/portal\/wp-content\/uploads\/2014\/06\/caminhoneiro_embrigado_mata_4.jpg\" alt=\"\" \/><em>Ve\u00edculos foram parar em ribanceira (Foto: Michelly Oda \/ G1)<\/em><br \/>\n<\/br><\/p>\n<p><em><strong>(Fonte: Estado de Minas)<\/strong><\/em><\/p>\n","protected":false},"excerpt":{"rendered":"<p>Ser\u00e3o sepultados, nesta ter\u00e7a-feira, os corpos de quatro pessoas que viajavam em um Gol que foi atingido por uma carreta na manh\u00e3 de segunda-feira na BR-251, km 493, no munic\u00edpio de Francisco S\u00e1, Norte de Minas. A carreta era dirigida por Leonel Zatorski, de 31 anos, natural de Bituruna (PR), que segundo a Pol\u00edcia Rodovi\u00e1ria [&hellip;]<\/p>\n","protected":false},"author":1,"featured_media":32157,"comment_status":"open","ping_status":"closed","sticky":false,"template":"","format":"standard","meta":{"amp_status":"","footnotes":""},"categories":[1236],"tags":[9124,1395,9105,9126,9125,9109,9106,210,9127],"class_list":["post-32239","post","type-post","status-publish","format-standard","has-post-thumbnail","hentry","category-norte_de_minas","tag-bituruna","tag-francisco-sa","tag-geraldo-rodrigues-de-brito","tag-joaquina-alves-da-silva","tag-jose-rofrigues-da-silva","tag-leonel-zatorski","tag-marizete-de-fatima-colares-santos","tag-montes-claros","tag-vitimas-de-acidente-envolvendo-carreteiro-embriagado-serao-enterradas-hoje-em-francisco-sa"],"_links":{"self":[{"href":"https:\/\/aconteceunovale.com.br\/portal\/index.php?rest_route=\/wp\/v2\/posts\/32239","targetHints":{"allow":["GET"]}}],"collection":[{"href":"https:\/\/aconteceunovale.com.br\/portal\/index.php?rest_route=\/wp\/v2\/posts"}],"about":[{"href":"https:\/\/aconteceunovale.com.br\/portal\/index.php?rest_route=\/wp\/v2\/types\/post"}],"author":[{"embeddable":true,"href":"https:\/\/aconteceunovale.com.br\/portal\/index.php?rest_route=\/wp\/v2\/users\/1"}],"replies":[{"embeddable":true,"href":"https:\/\/aconteceunovale.com.br\/portal\/index.php?rest_route=%2Fwp%2Fv2%2Fcomments&post=32239"}],"version-history":[{"count":0,"href":"https:\/\/aconteceunovale.com.br\/portal\/index.php?rest_route=\/wp\/v2\/posts\/32239\/revisions"}],"wp:featuredmedia":[{"embeddable":true,"href":"https:\/\/aconteceunovale.com.br\/portal\/index.php?rest_route=\/wp\/v2\/media\/32157"}],"wp:attachment":[{"href":"https:\/\/aconteceunovale.com.br\/portal\/index.php?rest_route=%2Fwp%2Fv2%2Fmedia&parent=32239"}],"wp:term":[{"taxonomy":"category","embeddable":true,"href":"https:\/\/aconteceunovale.com.br\/portal\/index.php?rest_route=%2Fwp%2Fv2%2Fcategories&post=32239"},{"taxonomy":"post_tag","embeddable":true,"href":"https:\/\/aconteceunovale.com.br\/portal\/index.php?rest_route=%2Fwp%2Fv2%2Ftags&post=32239"}],"curies":[{"name":"wp","href":"https:\/\/api.w.org\/{rel}","templated":true}]}}