{"id":32237,"date":"2014-06-17T13:14:54","date_gmt":"2014-06-17T16:14:54","guid":{"rendered":"http:\/\/aconteceunovale.com.br\/portal\/?p=32237"},"modified":"2014-06-17T13:14:54","modified_gmt":"2014-06-17T16:14:54","slug":"estado-e-condenado-a-indenizar-mae-de-crianca-atropelada-por-policial-em-teofilo-otoni","status":"publish","type":"post","link":"https:\/\/aconteceunovale.com.br\/portal\/?p=32237","title":{"rendered":"Estado \u00e9 condenado a indenizar m\u00e3e de crian\u00e7a atropelada por policial em Te\u00f3filo Otoni"},"content":{"rendered":"<p>A justi\u00e7a condenou o Governo de Minas Gerais a indenizar a fam\u00edlia de uma menina de 8 anos, que morreu atropelada por um policial civil, em 2012. <\/p>\n<p>O caso ocorreu em T\u00e9ofilo Otoni, no Vale do Mucuri. Em agosto de 2012, o policial civil atropelou a crian\u00e7a ao tentar ultrapassar um \u00f4nibus, que estava parado no ponto. De acordo com as testemunhas, o carro da Pol\u00edcia Civil vinha em alta velocidade, acima do limite estabelecido no local.<\/p>\n<p>A per\u00edcia n\u00e3o encontrou marcas de freada, indicando que o policial n\u00e3o tentou reduzir a velocidade, e o carro s\u00f3 parou 50 metros depois do local do acidente.<\/p>\n<p>Al\u00e9m da indeniza\u00e7\u00e3o de R$ 362 mil por danos morais (equivalente a 500 sal\u00e1rios m\u00ednimos), o governo estadual tamb\u00e9m ter\u00e1 que pagar uma pens\u00e3o no valor de 2\/3 do sal\u00e1rio m\u00ednimo a partir de 2020, quando a v\u00edtima completaria 16 anos de idade (considerando que seria o momento em que ela entraria no mercado de trabalho).<\/p>\n<p>A pens\u00e3o ser\u00e1 reduzida para 1\/3 do sal\u00e1rio m\u00ednimo em 2027 (ano em que a v\u00edtima completaria 25 anos), e dever\u00e1 ser paga enquanto a m\u00e3e estiver viva.<\/p>\n<p>A decis\u00e3o foi tomada em primeira inst\u00e2ncia pelo juiz da 1\u00aa Vara C\u00edvel de Te\u00f3filo Otoni, Fabr\u00edcio Sim\u00e3o da Cunha Ara\u00fajo, e est\u00e1 sujeita a recurso. (TJMG \/ O Tempo)<\/p>\n","protected":false},"excerpt":{"rendered":"<p>A justi\u00e7a condenou o Governo de Minas Gerais a indenizar a fam\u00edlia de uma menina de 8 anos, que morreu atropelada por um policial civil, em 2012. O caso ocorreu em T\u00e9ofilo Otoni, no Vale do Mucuri. Em agosto de 2012, o policial civil atropelou a crian\u00e7a ao tentar ultrapassar um \u00f4nibus, que estava parado [&hellip;]<\/p>\n","protected":false},"author":1,"featured_media":21635,"comment_status":"open","ping_status":"closed","sticky":false,"template":"","format":"standard","meta":{"amp_status":"","footnotes":""},"categories":[122],"tags":[9123,164],"class_list":["post-32237","post","type-post","status-publish","format-standard","has-post-thumbnail","hentry","category-mucuri","tag-estado-e-condenado-a-indenizar-mae-de-crianca-atropelada-por-policial-em-teofilo-otoni","tag-teofilo-otoni"],"_links":{"self":[{"href":"https:\/\/aconteceunovale.com.br\/portal\/index.php?rest_route=\/wp\/v2\/posts\/32237","targetHints":{"allow":["GET"]}}],"collection":[{"href":"https:\/\/aconteceunovale.com.br\/portal\/index.php?rest_route=\/wp\/v2\/posts"}],"about":[{"href":"https:\/\/aconteceunovale.com.br\/portal\/index.php?rest_route=\/wp\/v2\/types\/post"}],"author":[{"embeddable":true,"href":"https:\/\/aconteceunovale.com.br\/portal\/index.php?rest_route=\/wp\/v2\/users\/1"}],"replies":[{"embeddable":true,"href":"https:\/\/aconteceunovale.com.br\/portal\/index.php?rest_route=%2Fwp%2Fv2%2Fcomments&post=32237"}],"version-history":[{"count":0,"href":"https:\/\/aconteceunovale.com.br\/portal\/index.php?rest_route=\/wp\/v2\/posts\/32237\/revisions"}],"wp:featuredmedia":[{"embeddable":true,"href":"https:\/\/aconteceunovale.com.br\/portal\/index.php?rest_route=\/wp\/v2\/media\/21635"}],"wp:attachment":[{"href":"https:\/\/aconteceunovale.com.br\/portal\/index.php?rest_route=%2Fwp%2Fv2%2Fmedia&parent=32237"}],"wp:term":[{"taxonomy":"category","embeddable":true,"href":"https:\/\/aconteceunovale.com.br\/portal\/index.php?rest_route=%2Fwp%2Fv2%2Fcategories&post=32237"},{"taxonomy":"post_tag","embeddable":true,"href":"https:\/\/aconteceunovale.com.br\/portal\/index.php?rest_route=%2Fwp%2Fv2%2Ftags&post=32237"}],"curies":[{"name":"wp","href":"https:\/\/api.w.org\/{rel}","templated":true}]}}