{"id":32234,"date":"2014-06-17T13:06:56","date_gmt":"2014-06-17T16:06:56","guid":{"rendered":"http:\/\/aconteceunovale.com.br\/portal\/?p=32234"},"modified":"2014-06-17T13:06:56","modified_gmt":"2014-06-17T16:06:56","slug":"mercado-municipal-de-conceicao-do-mato-dentro-sera-transformado-em-centro-cultural","status":"publish","type":"post","link":"https:\/\/aconteceunovale.com.br\/portal\/?p=32234","title":{"rendered":"Mercado Municipal de Concei\u00e7\u00e3o do Mato Dentro ser\u00e1 transformado em Centro Cultural"},"content":{"rendered":"<p>O Mercado Municipal de Concei\u00e7\u00e3o do Mato Dentro ser\u00e1 transformado em breve no Centro Cultural do munic\u00edpio. <\/p>\n<p>O espa\u00e7o abrigar\u00e1 exposi\u00e7\u00f5es e oficinas; sediar\u00e1 cursos, semin\u00e1rios, feiras, encontros e workshops; ser\u00e1 espa\u00e7o de ensaio de grupos culturais; propiciar\u00e1 o desenvolvimento de novas atividades como cinema de banquinhos, conto de hist\u00f3rias, sarau, mostras de cultura, lan\u00e7amentos de trabalhos; tudo isso sem perder o objetivo prim\u00e1rio de comercializar os produtos do campo. <\/p>\n<p>A diferen\u00e7a \u00e9 que agora haver\u00e1 ampla divulga\u00e7\u00e3o dos saberes e produ\u00e7\u00f5es t\u00edpicas de Concei\u00e7\u00e3o, sejam estes derivados da culin\u00e1ria, do artesanato e das artes em geral.<\/p>\n<p>Para a Secret\u00e1ria Municipal de Cultura e Patrim\u00f4nio Hist\u00f3rico, \u201cessa ideia j\u00e1 vinha sendo estudada, uma vez que o munic\u00edpio precisa de um local onde possamos realizar os trabalhos de Educa\u00e7\u00e3o Patrimonial, arte e lazer. E o Mercado Municipal por si s\u00f3 j\u00e1 caracteriza essa atividade, unindo hist\u00f3ria e cultura, ainda mais que \u00e9 um importante patrim\u00f4nio material que o munic\u00edpio possui\u201d.<\/p>\n","protected":false},"excerpt":{"rendered":"<p>O Mercado Municipal de Concei\u00e7\u00e3o do Mato Dentro ser\u00e1 transformado em breve no Centro Cultural do munic\u00edpio. O espa\u00e7o abrigar\u00e1 exposi\u00e7\u00f5es e oficinas; sediar\u00e1 cursos, semin\u00e1rios, feiras, encontros e workshops; ser\u00e1 espa\u00e7o de ensaio de grupos culturais; propiciar\u00e1 o desenvolvimento de novas atividades como cinema de banquinhos, conto de hist\u00f3rias, sarau, mostras de cultura, lan\u00e7amentos [&hellip;]<\/p>\n","protected":false},"author":1,"featured_media":32235,"comment_status":"open","ping_status":"closed","sticky":false,"template":"","format":"standard","meta":{"amp_status":"","footnotes":""},"categories":[6],"tags":[628,9122],"class_list":["post-32234","post","type-post","status-publish","format-standard","has-post-thumbnail","hentry","category-br","tag-conceicao-do-mato-dentro","tag-mercado-municipal-de-conceicao-do-mato-dentro-sera-transformado-em-centro-cultural"],"_links":{"self":[{"href":"https:\/\/aconteceunovale.com.br\/portal\/index.php?rest_route=\/wp\/v2\/posts\/32234","targetHints":{"allow":["GET"]}}],"collection":[{"href":"https:\/\/aconteceunovale.com.br\/portal\/index.php?rest_route=\/wp\/v2\/posts"}],"about":[{"href":"https:\/\/aconteceunovale.com.br\/portal\/index.php?rest_route=\/wp\/v2\/types\/post"}],"author":[{"embeddable":true,"href":"https:\/\/aconteceunovale.com.br\/portal\/index.php?rest_route=\/wp\/v2\/users\/1"}],"replies":[{"embeddable":true,"href":"https:\/\/aconteceunovale.com.br\/portal\/index.php?rest_route=%2Fwp%2Fv2%2Fcomments&post=32234"}],"version-history":[{"count":0,"href":"https:\/\/aconteceunovale.com.br\/portal\/index.php?rest_route=\/wp\/v2\/posts\/32234\/revisions"}],"wp:featuredmedia":[{"embeddable":true,"href":"https:\/\/aconteceunovale.com.br\/portal\/index.php?rest_route=\/wp\/v2\/media\/32235"}],"wp:attachment":[{"href":"https:\/\/aconteceunovale.com.br\/portal\/index.php?rest_route=%2Fwp%2Fv2%2Fmedia&parent=32234"}],"wp:term":[{"taxonomy":"category","embeddable":true,"href":"https:\/\/aconteceunovale.com.br\/portal\/index.php?rest_route=%2Fwp%2Fv2%2Fcategories&post=32234"},{"taxonomy":"post_tag","embeddable":true,"href":"https:\/\/aconteceunovale.com.br\/portal\/index.php?rest_route=%2Fwp%2Fv2%2Ftags&post=32234"}],"curies":[{"name":"wp","href":"https:\/\/api.w.org\/{rel}","templated":true}]}}