{"id":32229,"date":"2014-06-17T13:01:46","date_gmt":"2014-06-17T16:01:46","guid":{"rendered":"http:\/\/aconteceunovale.com.br\/portal\/?p=32229"},"modified":"2014-06-17T13:23:32","modified_gmt":"2014-06-17T16:23:32","slug":"camara-de-capelinha-convoca-secretaria-de-educacao-e-presidente-do-hospital-para-esclarecimentos","status":"publish","type":"post","link":"https:\/\/aconteceunovale.com.br\/portal\/?p=32229","title":{"rendered":"C\u00e2mara de Capelinha convoca Secret\u00e1ria de Educa\u00e7\u00e3o e presidente do Hospital para esclarecimentos"},"content":{"rendered":"<p>A C\u00e2mara Municipal de Capelinha aprovou na reuni\u00e3o da noite desta segunda-feira, 16 de junho, requerimentos de autoria dos vereadores Luciano Mac\u00eado e Tadeuzinho convocando a Secret\u00e1ria Municipal de Educa\u00e7\u00e3o, Maria Eunice Gomes Ribeiro, e a Presidente da Funda\u00e7\u00e3o Hospitalar S\u00e3o Vicente de Paula, Concei\u00e7\u00e3o Vieira. As duas convocadas utilizar\u00e3o a tribuna livre da C\u00e2mara para prestarem esclarecimentos sobre diversos assuntos de interesse da popula\u00e7\u00e3o capelinhense.<\/p>\n<p><img decoding=\"async\" src=\"http:\/\/aconteceunovale.com.br\/portal\/wp-content\/uploads\/2014\/06\/nicinha_conceicao_vieira.jpg\" alt=\"\" \/><em>(Secret\u00e1ria de Educa\u00e7\u00e3o, Nicinha Ribeiro, e Presidente da Funda\u00e7\u00e3o Hospitalar, Concei\u00e7\u00e3o Vieira &#8211; Foto: Reprodu\u00e7\u00e3o \/ Divulga\u00e7\u00e3o)<\/em><br \/>\n<\/br><\/p>\n<p>No dia 14 de julho, \u00e0s 18 horas e 30 minutos, a tribuna ser\u00e1 utilizada pela Secret\u00e1ria de Educa\u00e7\u00e3o. Segundo informa\u00e7\u00f5es divulgadas pela C\u00e2mara, a senhora Maria Eunice seguir\u00e1 a seguinte pauta: Comprova\u00e7\u00e3o com documentos de corre\u00e7\u00e3o dos desvios de fun\u00e7\u00e3o de todos os funcion\u00e1rios enquadrados na situa\u00e7\u00e3o, pertencentes ao setor da Educa\u00e7\u00e3o; Presta\u00e7\u00e3o de contas do FUNDEB 2013 (documentos para arquivo da c\u00e2mara); Folha de pagamento dos servidores da educa\u00e7\u00e3o de Fevereiro\/2014 a Junho\/2014; Lei que regulamenta a carga hor\u00e1ria do professor (24\/30 ou 40 horas semanais); e, o n\u00e3o pagamento da progress\u00e3o horizontal aos servidores que t\u00eam direito.<\/p>\n<p>J\u00e1 a presidente da Funda\u00e7\u00e3o Hospitalar far\u00e1 uso da tribuna livre no dia 28 de julho, \u00e0s 18 horas e 30 minutos. Na pauta est\u00e3o: esclarecimentos de documentados sobre m\u00e9dicos (as) plantonistas, forma dos plant\u00f5es; presta\u00e7\u00e3o de contas dos valores repassados pela Prefeitura \u00e0 Funda\u00e7\u00e3o nos anos 2013 e 2014 (Repasses e Despesas); forma de contrata\u00e7\u00e3o dos m\u00e9dicos e rela\u00e7\u00e3o de funcion\u00e1rios, por cargo, cedidos pelo Munic\u00edpio, no ano de 2014.<\/p>\n","protected":false},"excerpt":{"rendered":"<p>A C\u00e2mara Municipal de Capelinha aprovou na reuni\u00e3o da noite desta segunda-feira, 16 de junho, requerimentos de autoria dos vereadores Luciano Mac\u00eado e Tadeuzinho convocando a Secret\u00e1ria Municipal de Educa\u00e7\u00e3o, Maria Eunice Gomes Ribeiro, e a Presidente da Funda\u00e7\u00e3o Hospitalar S\u00e3o Vicente de Paula, Concei\u00e7\u00e3o Vieira. As duas convocadas utilizar\u00e3o a tribuna livre da C\u00e2mara [&hellip;]<\/p>\n","protected":false},"author":1,"featured_media":32230,"comment_status":"open","ping_status":"closed","sticky":false,"template":"","format":"standard","meta":{"amp_status":"","footnotes":""},"categories":[120],"tags":[9121,132],"class_list":["post-32229","post","type-post","status-publish","format-standard","has-post-thumbnail","hentry","category-jequi","tag-camara-de-capelinha-convoca-secretaria-de-educacao-e-presidente-do-hospital-para-esclarecimentos","tag-capelinha"],"_links":{"self":[{"href":"https:\/\/aconteceunovale.com.br\/portal\/index.php?rest_route=\/wp\/v2\/posts\/32229","targetHints":{"allow":["GET"]}}],"collection":[{"href":"https:\/\/aconteceunovale.com.br\/portal\/index.php?rest_route=\/wp\/v2\/posts"}],"about":[{"href":"https:\/\/aconteceunovale.com.br\/portal\/index.php?rest_route=\/wp\/v2\/types\/post"}],"author":[{"embeddable":true,"href":"https:\/\/aconteceunovale.com.br\/portal\/index.php?rest_route=\/wp\/v2\/users\/1"}],"replies":[{"embeddable":true,"href":"https:\/\/aconteceunovale.com.br\/portal\/index.php?rest_route=%2Fwp%2Fv2%2Fcomments&post=32229"}],"version-history":[{"count":0,"href":"https:\/\/aconteceunovale.com.br\/portal\/index.php?rest_route=\/wp\/v2\/posts\/32229\/revisions"}],"wp:featuredmedia":[{"embeddable":true,"href":"https:\/\/aconteceunovale.com.br\/portal\/index.php?rest_route=\/wp\/v2\/media\/32230"}],"wp:attachment":[{"href":"https:\/\/aconteceunovale.com.br\/portal\/index.php?rest_route=%2Fwp%2Fv2%2Fmedia&parent=32229"}],"wp:term":[{"taxonomy":"category","embeddable":true,"href":"https:\/\/aconteceunovale.com.br\/portal\/index.php?rest_route=%2Fwp%2Fv2%2Fcategories&post=32229"},{"taxonomy":"post_tag","embeddable":true,"href":"https:\/\/aconteceunovale.com.br\/portal\/index.php?rest_route=%2Fwp%2Fv2%2Ftags&post=32229"}],"curies":[{"name":"wp","href":"https:\/\/api.w.org\/{rel}","templated":true}]}}