{"id":32167,"date":"2014-06-16T12:45:19","date_gmt":"2014-06-16T15:45:19","guid":{"rendered":"http:\/\/aconteceunovale.com.br\/portal\/?p=32167"},"modified":"2014-06-16T12:45:19","modified_gmt":"2014-06-16T15:45:19","slug":"programacao-completa-do-31o-festival-de-cultura-popular-do-vale-do-jequitinhonha","status":"publish","type":"post","link":"https:\/\/aconteceunovale.com.br\/portal\/?p=32167","title":{"rendered":"Programa\u00e7\u00e3o completa do 31\u00ba Festival de Cultura Popular do Vale do Jequitinhonha"},"content":{"rendered":"<p>De 29 de junho a 05 de julho de 2014, acontece em Ara\u00e7ua\u00ed, no Vale do Jequitinhonha a 31\u00ba Edi\u00e7\u00e3o do Festival de Cultura Popular do Vale do Jequitinhonha, o Festivale.<\/p>\n<p>Confira a programa\u00e7\u00e3o completa abaixo:<\/p>\n<p><strong>29 de Junho &#8211; Domingo<\/strong><br \/>\n08h00min &#8211; Recep\u00e7\u00e3o das equipes de Trabalho<br \/>\n12h00min \u2013 Almo\u00e7o<br \/>\n16h00min &#8211; BEN\u00c7\u00c3O DAS \u00c1GUAS &#8211; CORAL DAS LAVADEIRAS DE ALMENARA com reg\u00eancia de Carlos Farias<br \/>\nLocal: It\u00edra (Encontro do Rio Jequitinhonha com a Ara\u00e7ua\u00ed)<br \/>\n17h00min \u2013 Apresenta\u00e7\u00e3o do GRUPO DE BATUQUE DE IT\u00cdRA. (Ara\u00e7ua\u00ed)<br \/>\nGRUPO DE PERCUSS\u00c3O CONEX\u00c3O AFRO QUIGEMM (Ara\u00e7ua\u00ed)<br \/>\n18h00min \u2013 SARAU PO\u00c9TICO COM POETAS DO VALE.<br \/>\nApresenta\u00e7\u00e3o da companhia de dan\u00e7a da ACADEMIA CORPORA\u00c7\u00c3O \u2013 (Ara\u00e7ua\u00ed)<br \/>\n20h00min \u2013 Jantar<br \/>\n21h00min \u2013 Barraca do Festivale \u2013 CARLOS FARIAS e GONZAGA MEDEIROS.<\/p>\n<p><strong>30 de Junho \u2013 Segunda &#8211; feira<\/strong><br \/>\n08h00min \u2013 Caf\u00e9.<br \/>\n08h30min \u2013 Recep\u00e7\u00e3o dos corais.<br \/>\n10h00min \u2013 Apresenta\u00e7\u00e3o da fanfarra \u201cSER E CONVIVER\u201d (Coronel Murta)<br \/>\nSa\u00edda da Pra\u00e7a da Matriz.<br \/>\n11h00min \u2013 Exibi\u00e7\u00e3o do document\u00e1rio: \u201cDE BAIXO DO RIO E DAS MULHERES\u201d &#8211;<br \/>\nDire\u00e7\u00e3o: Ana Clara, Leila Cunha, Nilmar Lage e Thiago Moreira.<br \/>\nLocal: Centro cultural Luz da Lua.<br \/>\n14h00min &#8211; Oficina: \u201cABC DO AMOR\u201d com RUBINHO DO VALE para educadores de Ara\u00e7ua\u00ed.<br \/>\nLocal: Centro Cultural Luz da Lua.<br \/>\n16: 00 &#8211; \u201cPapo que Vale&#8221; um projeto de extens\u00e3o da UFVJM &#8211;<br \/>\n&#8220;O Vale tamb\u00e9m quer Constituinte J\u00e1&#8221; \u2013<br \/>\nLocal: Centro Cultural Luz da Lua.<br \/>\n20h00min \u2013 1\u00ba ENCONTRO DE CORAIS DO VALE DO JEQUITINHONHA.<br \/>\nCORAL N\u00d3S DE MINAS (Coronel Murta)<br \/>\nCORAL RIBEIR\u00c3O DE AREIA (Jenipapo de Minas)<br \/>\nCORAL FLOR DA TERRA (Francisco Badar\u00f3)<br \/>\nCORAL FLOR DE L\u00cdS (Itinga)<br \/>\nCORAL VOZES DE ALAGADI\u00c7O (Coronel Murta)<br \/>\nCORAL BEM TI VI (Virgem da Lapa)<br \/>\nCORAL VOZES DO JEQUITINHONHA (Jequitinhonha)<br \/>\nLocal: Pra\u00e7a do Coreto<br \/>\n22h00min \u2013 Barraca do Festivale<\/p>\n<p><strong>01 de Julho &#8211; Ter\u00e7a &#8211; feira<\/strong><br \/>\n08h00min \u2013 Caf\u00e9<br \/>\n08h30min \u2013 Recep\u00e7\u00e3o e credenciamento (Participantes das oficinas)<br \/>\n09h00min &#8211; Visita guiada ao patrim\u00f4nio hist\u00f3rico de Ara\u00e7ua\u00ed \u2013<br \/>\nSa\u00edda: Pra\u00e7a do F\u00f3rum.<br \/>\n12h00min \u2013 Almo\u00e7o<br \/>\n14h00min \u2013 Oficinas.<br \/>\n# INICIA\u00c7\u00c3O TEATRAL \u2013 Fernando Limoeiro<br \/>\n# TEATRO DE RUA \u2013 Lucas Costa<br \/>\n# PERCUSS\u00c3O E RITMO \u2013 Bill Lucas<br \/>\n# CANTO CORAL \u2013 Bete Antunes<br \/>\n# DAN\u00c7A AFRO \u2013 Evandro Passos<br \/>\n# INTERVEN\u00c7\u00c3O PO\u00c9TICA \u2013 Cl\u00e1udio Bento<br \/>\n# RODA DAN\u00c7A-M\u00fasica para cantar, dan\u00e7ar e brincar \u2013 Gisella Pelizzoni \/ Gabriel Voser.<br \/>\n(somente para p\u00fablico de Ara\u00e7ua\u00ed)<br \/>\nSOCIAL M\u00c9DIA E MIDIATIVISMO \u2013 Equipe de Belo &#8211; Horizonte<br \/>\nACESS\u00d3RIOS RECICLADOS \u2013 (somente para p\u00fablico de Ara\u00e7ua\u00ed)<br \/>\n14h00min \u2013 Oficina Jornada da sa\u00fade: Leishmaniose<br \/>\n17h00min \u2013 Apresenta\u00e7\u00e3o do espet\u00e1culo: TERRA \u2013 A hist\u00f3ria de Jo\u00e3o Boa Morte \u2013 Cabra marcado para morrer \u2013 \u00cdCAROS DO VALE \u2013 Companhia de teatro (Ara\u00e7ua\u00ed)<br \/>\nLocal: Pra\u00e7a do F\u00f3rum<br \/>\n18: 00 \u2013 Jantar<br \/>\n19: 30 \u2013 Abertura oficial<br \/>\nLocal: Centro Cultural Luz da Lua<br \/>\n20: 30 \u2013 Relan\u00e7amento do CD: \u201cBeira Mar Novo\u201d \u2013 CORAL TROVADORES DO VALE (Ara\u00e7ua\u00ed)<br \/>\n21: 30 \u2013 Barraca do Festivale \u2013 TONI FRANCA \u2013 (Ara\u00e7ua\u00ed)<\/p>\n<p><strong>02 de Julho \/ Quarta- Feira<\/strong><br \/>\n07h00min \u2013 Caf\u00e9 da manh\u00e3<br \/>\n7: 30 \u2013 Recep\u00e7\u00e3o e credenciamento<br \/>\n08h30min \u2013 ABERTURA DA FEIRA DE ARTESANATO<br \/>\nLocal: Pra\u00e7a do F\u00f3rum<br \/>\n10h00min \u2013 PRIMEIRA PLEN\u00c1RIA DA REDE JEQUITINHONHA CULTURAL<br \/>\n1)Grupo de trabalho \u2013 Organiza\u00e7\u00e3o microrregional da REDE.<br \/>\n2)Projetos e circula\u00e7\u00e3o art\u00edstica pela \/ e na REDE.<br \/>\n3)Patrim\u00f4nio Cultural<br \/>\n11h00min \u2013 Inicio da r\u00e1dio FESTIVALE<br \/>\n12: 00 \u2013 Almo\u00e7o<br \/>\n14h00min \u2013 Oficinas.<br \/>\n14h00min \u2013 Oficina da Jornada da sa\u00fade: DENGUE<br \/>\n\u201c17h00min &#8211; Apresenta\u00e7\u00e3o dos cord\u00e9is:\u201d As pelejas de Robeymar no pa\u00eds do bola embola \u201c e \u201c A mo\u00e7a que virou porca porque casou de topless\u201d \u2013 Dire\u00e7\u00e3o: Fernando Limoeiro.<br \/>\nLocal: Pra\u00e7a do F\u00f3rum<br \/>\n18h00min \u2013 Jantar<br \/>\n20h00min \u2013 NOITE LITER\u00c1RIA (POETAR 13 )<br \/>\n21h00min \u2013 Apresenta\u00e7\u00e3o do CORAL ARARAS GRANDES (Ara\u00e7ua\u00ed)<br \/>\nLocal: Centro Cultural Luz da Lua.<br \/>\n22h00min \u2013 Show: TAMBOLEL\u00ca<br \/>\nLocal: Pra\u00e7a do F\u00f3rum<br \/>\n[24h00min \u2013 Barraca do Festivale \u2013 BETE ANTUNES (Montes Claros)<\/p>\n<p><strong>03 de Julho \u2013 Quinta &#8211; feira<\/strong><br \/>\n07h00min \u2013 Caf\u00e9 da manh\u00e3<br \/>\n07h30min \u2013 Recep\u00e7\u00e3o e Credenciamento.<br \/>\n08h30min \u2013 Plen\u00e1ria. \u201cQual FESTIVALE que queremos\u201d?<br \/>\nLocal: Centro Cultural Luz da Lua.<br \/>\nPlen\u00e1ria: Cultura e Festivalinho\/ Cultura e artesanato. (Valemais)<br \/>\nLocal: Sala dos Conselhos<br \/>\n09h00min \u2013 Feira de artesanato<br \/>\n12h00min \u2013 Almo\u00e7o<br \/>\n14h00min \u2013 Oficinas<br \/>\nOficina Jornada da sa\u00fade: Doen\u00e7as sexualmente transmiss\u00edveis \u2013 DST<br \/>\n17h00min &#8211; Apresenta\u00e7\u00e3o do espet\u00e1culo: MAMOTAS MUSICAIS-Grupo TRAMPULIM (Belo \u2013 Horizonte)<br \/>\n18h00min &#8211; Jantar.<br \/>\n20h00min \u2013 Primeira eliminat\u00f3ria do FESTIVAL DE M\u00daSICA.<br \/>\n21h30min \u2013 Show com LUCIANO TANURE e banda (Ara\u00e7ua\u00ed)<br \/>\n22h30min \u2013 Show com WILSON DIAS e BANDA convidam S\u00c9RGIO PERER\u00ca<br \/>\n24h00min \u2013 Barraca do Festivale.<\/p>\n<p><strong>04 de Julho &#8211; Sexta- feira<\/strong><br \/>\n07h00min \u2013 Caf\u00e9 da manh\u00e3<br \/>\n07: 30 \u2013 Recep\u00e7\u00e3o e credenciamento<br \/>\n09h00min \u2013 Feira de artesanato<br \/>\n10h00min \u2013 Roda de brinquedos, brincadeiras e brincantes \u2013.<br \/>\nLocal: Pra\u00e7a do F\u00f3rum<br \/>\n[12h00min \u2013 Almo\u00e7o]<br \/>\n14h00min \u2013 Oficinas<br \/>\n14h00min \u2013 Oficina Jornada da sa\u00fade: Primeiros socorros<br \/>\n17h00min \u2013 Apresenta\u00e7\u00e3o de teatro de MEDINA?<br \/>\n20h00min \u2013 Segunda eliminat\u00f3ria do FESTIVAL DE M\u00daSICA<br \/>\n22h00min \u2013 Show com Maur\u00edcio Tizumba.<br \/>\n24h00min \u2013 Barraca do Festivale.<\/p>\n<p><strong>05 de Julho &#8211; S\u00e1bado<\/strong><br \/>\n07h00min \u2013 Caf\u00e9<br \/>\n07h30min \u2013 Recep\u00e7\u00e3o e credenciamento dos grupos de cultura popular<br \/>\n09h00min &#8211; Feira de artesanato<br \/>\n10h00min \u2013 Feira de Violeiros<br \/>\nLocal: Mercado municipal.<br \/>\n15h00min \u2013 Concentra\u00e7\u00e3o e Cortejo dos GRUPOS DE CULTURA POPULAR DO VALE DO JEQUITINHONHA.<br \/>\n# TAMBORZEIROS DE NOSSA SENHORA DO ROS\u00c1RIO (Ara\u00e7ua\u00ed)<br \/>\n#FOLIA DE REIS DO BAIRRO ARRAIAL DOS CRIOLOS (Ara\u00e7ua\u00ed)<br \/>\n#GRUPO DE BATUQUE DE IT\u00cdRA (Ara\u00e7ua\u00ed)<br \/>\n#GRUPO DE BATUQUE DO GRAVAT\u00c1 (Ara\u00e7ua\u00ed)<br \/>\n#GRUPO DO NOVE DO CORR\u00c9GO DA VELHA (Ara\u00e7ua\u00ed)<br \/>\n#GRUPO DE PERCUSS\u00c3O CONEXA\u00c3O AFRO QUINGEMM<br \/>\n# GRUPO DE CONGADA DE CHAPADA DO NORTE<br \/>\n#GRUPO DE CONGADO DE BERILO<br \/>\n#BOI DE JANEIRO DE ITAOBIM<br \/>\n#FOLIA DE REIS DE JOA\u00cdMA<br \/>\n#CORD\u00c3O DE ESPADAS DE SALTO DA DIVISA<br \/>\n#CATOP\u00caS DE BOCAI\u00daVA<br \/>\n#BANDA DE TAQUAR DE CAPELINHA.<br \/>\n20h00min \u2013 Final do FESTIVAL DE M\u00daSICA<br \/>\n22h00min \u2013 Show com TITANE, PEREIRA DA VIOLA e BANDA.<br \/>\n24h00min \u2013 Show com TAU BRASIL E BANDA.<br \/>\n02h00min \u2013 Barraca do Festivale.<\/p>\n<p><img decoding=\"async\" src=\"http:\/\/aconteceunovale.com.br\/portal\/wp-content\/uploads\/2014\/06\/cartaz_festivale_2.jpg\" alt=\"\" \/><\/p>\n","protected":false},"excerpt":{"rendered":"<p>De 29 de junho a 05 de julho de 2014, acontece em Ara\u00e7ua\u00ed, no Vale do Jequitinhonha a 31\u00ba Edi\u00e7\u00e3o do Festival de Cultura Popular do Vale do Jequitinhonha, o Festivale. Confira a programa\u00e7\u00e3o completa abaixo: 29 de Junho &#8211; Domingo 08h00min &#8211; Recep\u00e7\u00e3o das equipes de Trabalho 12h00min \u2013 Almo\u00e7o 16h00min &#8211; BEN\u00c7\u00c3O DAS [&hellip;]<\/p>\n","protected":false},"author":1,"featured_media":32168,"comment_status":"open","ping_status":"closed","sticky":false,"template":"","format":"standard","meta":{"amp_status":"","footnotes":""},"categories":[125],"tags":[9088,9089,186,9092,9090,9091],"class_list":["post-32167","post","type-post","status-publish","format-standard","has-post-thumbnail","hentry","category-noticias","tag-31o-edicao-do-festival-de-cultura-popular-do-vale-do-jequitinhonha","tag-31o-festivale","tag-aracuai","tag-programacao-completa-do-31o-festival-de-cultura-popular-do-vale-do-jequitinhonha","tag-programacao-completa-do-31o-festivale","tag-programacao-do-festivale"],"_links":{"self":[{"href":"https:\/\/aconteceunovale.com.br\/portal\/index.php?rest_route=\/wp\/v2\/posts\/32167","targetHints":{"allow":["GET"]}}],"collection":[{"href":"https:\/\/aconteceunovale.com.br\/portal\/index.php?rest_route=\/wp\/v2\/posts"}],"about":[{"href":"https:\/\/aconteceunovale.com.br\/portal\/index.php?rest_route=\/wp\/v2\/types\/post"}],"author":[{"embeddable":true,"href":"https:\/\/aconteceunovale.com.br\/portal\/index.php?rest_route=\/wp\/v2\/users\/1"}],"replies":[{"embeddable":true,"href":"https:\/\/aconteceunovale.com.br\/portal\/index.php?rest_route=%2Fwp%2Fv2%2Fcomments&post=32167"}],"version-history":[{"count":0,"href":"https:\/\/aconteceunovale.com.br\/portal\/index.php?rest_route=\/wp\/v2\/posts\/32167\/revisions"}],"wp:featuredmedia":[{"embeddable":true,"href":"https:\/\/aconteceunovale.com.br\/portal\/index.php?rest_route=\/wp\/v2\/media\/32168"}],"wp:attachment":[{"href":"https:\/\/aconteceunovale.com.br\/portal\/index.php?rest_route=%2Fwp%2Fv2%2Fmedia&parent=32167"}],"wp:term":[{"taxonomy":"category","embeddable":true,"href":"https:\/\/aconteceunovale.com.br\/portal\/index.php?rest_route=%2Fwp%2Fv2%2Fcategories&post=32167"},{"taxonomy":"post_tag","embeddable":true,"href":"https:\/\/aconteceunovale.com.br\/portal\/index.php?rest_route=%2Fwp%2Fv2%2Ftags&post=32167"}],"curies":[{"name":"wp","href":"https:\/\/api.w.org\/{rel}","templated":true}]}}