{"id":32164,"date":"2014-06-16T12:39:03","date_gmt":"2014-06-16T15:39:03","guid":{"rendered":"http:\/\/aconteceunovale.com.br\/portal\/?p=32164"},"modified":"2014-06-16T12:39:03","modified_gmt":"2014-06-16T15:39:03","slug":"policia-militar-prende-homem-que-ameacou-a-mae-de-morte-em-rio-do-prado","status":"publish","type":"post","link":"https:\/\/aconteceunovale.com.br\/portal\/?p=32164","title":{"rendered":"Pol\u00edcia Militar prende homem que amea\u00e7ou a m\u00e3e de morte em Rio do Prado"},"content":{"rendered":"<p>Ap\u00f3s den\u00fancias an\u00f4nimas, a Pol\u00edcia Militar efetuou a pris\u00e3o de um homem de 31 anos portando um rev\u00f3lver na noite de sexta-feira, 13, em Rio do Prado, no Vale do Jequitinhonha. Segundo den\u00fancia, o suspeito estaria amea\u00e7ando de morte a pr\u00f3pria m\u00e3e de 55 anos.<\/p>\n<p>A pris\u00e3o aconteceu em um bar na comunidade de Vila Formosa. Os policiais militares encontraram um rev\u00f3lver calibre 38 na cintura do suspeito. A arma estava municiada com 5 cartuchos.<\/p>\n<p>O suspeito foi preso e encaminhado para a Delegacia para demais provid\u00eancias.<\/p>\n<p><img decoding=\"async\" src=\"http:\/\/aconteceunovale.com.br\/portal\/wp-content\/uploads\/2014\/06\/arma_preso_rio_do_prado.jpg\" alt=\"\" \/><em>(Foto: Divulga\u00e7\u00e3o Pol\u00edcia Militar)<\/em><\/p>\n","protected":false},"excerpt":{"rendered":"<p>Ap\u00f3s den\u00fancias an\u00f4nimas, a Pol\u00edcia Militar efetuou a pris\u00e3o de um homem de 31 anos portando um rev\u00f3lver na noite de sexta-feira, 13, em Rio do Prado, no Vale do Jequitinhonha. Segundo den\u00fancia, o suspeito estaria amea\u00e7ando de morte a pr\u00f3pria m\u00e3e de 55 anos. A pris\u00e3o aconteceu em um bar na comunidade de Vila [&hellip;]<\/p>\n","protected":false},"author":1,"featured_media":32165,"comment_status":"open","ping_status":"closed","sticky":false,"template":"","format":"standard","meta":{"amp_status":"","footnotes":""},"categories":[120],"tags":[9087,3928],"class_list":["post-32164","post","type-post","status-publish","format-standard","has-post-thumbnail","hentry","category-jequi","tag-policia-militar-prende-homem-que-ameacou-a-mae-de-morte-em-rio-do-prado","tag-rio-do-prado"],"_links":{"self":[{"href":"https:\/\/aconteceunovale.com.br\/portal\/index.php?rest_route=\/wp\/v2\/posts\/32164","targetHints":{"allow":["GET"]}}],"collection":[{"href":"https:\/\/aconteceunovale.com.br\/portal\/index.php?rest_route=\/wp\/v2\/posts"}],"about":[{"href":"https:\/\/aconteceunovale.com.br\/portal\/index.php?rest_route=\/wp\/v2\/types\/post"}],"author":[{"embeddable":true,"href":"https:\/\/aconteceunovale.com.br\/portal\/index.php?rest_route=\/wp\/v2\/users\/1"}],"replies":[{"embeddable":true,"href":"https:\/\/aconteceunovale.com.br\/portal\/index.php?rest_route=%2Fwp%2Fv2%2Fcomments&post=32164"}],"version-history":[{"count":0,"href":"https:\/\/aconteceunovale.com.br\/portal\/index.php?rest_route=\/wp\/v2\/posts\/32164\/revisions"}],"wp:featuredmedia":[{"embeddable":true,"href":"https:\/\/aconteceunovale.com.br\/portal\/index.php?rest_route=\/wp\/v2\/media\/32165"}],"wp:attachment":[{"href":"https:\/\/aconteceunovale.com.br\/portal\/index.php?rest_route=%2Fwp%2Fv2%2Fmedia&parent=32164"}],"wp:term":[{"taxonomy":"category","embeddable":true,"href":"https:\/\/aconteceunovale.com.br\/portal\/index.php?rest_route=%2Fwp%2Fv2%2Fcategories&post=32164"},{"taxonomy":"post_tag","embeddable":true,"href":"https:\/\/aconteceunovale.com.br\/portal\/index.php?rest_route=%2Fwp%2Fv2%2Ftags&post=32164"}],"curies":[{"name":"wp","href":"https:\/\/api.w.org\/{rel}","templated":true}]}}