{"id":32085,"date":"2014-06-16T11:02:07","date_gmt":"2014-06-16T14:02:07","guid":{"rendered":"http:\/\/aconteceunovale.com.br\/portal\/?p=32085"},"modified":"2014-06-16T11:02:07","modified_gmt":"2014-06-16T14:02:07","slug":"motociclista-menor-de-idade-fica-ferido-em-acidente-na-rodovia-entre-itamarandiba-e-carbonita","status":"publish","type":"post","link":"https:\/\/aconteceunovale.com.br\/portal\/?p=32085","title":{"rendered":"Motociclista menor de idade fica ferido em acidente na rodovia entre Itamarandiba e Carbonita"},"content":{"rendered":"<p>Um motociclista menor de idade ficou gravemente ferido em um acidente na tarde de s\u00e1bado, 14 de junho, pr\u00f3ximo \u00e0 ponte do Rio Ara\u00e7ua\u00ed, na BR-451, entre Carbonita e Itamarandiba, no Vale do Jequitinhonha. A colis\u00e3o entre uma moto Yamaha XTZ e um ve\u00edculo VW Saveiro foi registrada por volta das 16 horas.<\/p>\n<p>O condutor da motocicleta A.M.V., fraturou os punhos, um f\u00eamur e sofreu diversas les\u00f5es pelo corpo. A v\u00edtima foi socorrida e encaminhada ao Hospital Municipal de Carbonita. O motorista do ve\u00edculo, Rafael Moreira, n\u00e3o teve ferimentos.<\/p>\n<p>Os dois ve\u00edculos ficaram muito danificados com a batida. O ve\u00edculo Saveiro teve a frente destru\u00edda. J\u00e1 a motocicleta teve perda total. <\/p>\n<p><img decoding=\"async\" src=\"http:\/\/aconteceunovale.com.br\/portal\/wp-content\/uploads\/2014\/06\/acidente_em_carbonita_ita_16_06.jpg\" alt=\"\" \/><\/p>\n<p><strong><em>(Foto: Itamarandiba Hoje \/ Reda\u00e7\u00e3o do Aconteceu no Vale com informa\u00e7\u00f5es do Itamarandiba Hoje)<\/em><\/strong><\/p>\n","protected":false},"excerpt":{"rendered":"<p>Um motociclista menor de idade ficou gravemente ferido em um acidente na tarde de s\u00e1bado, 14 de junho, pr\u00f3ximo \u00e0 ponte do Rio Ara\u00e7ua\u00ed, na BR-451, entre Carbonita e Itamarandiba, no Vale do Jequitinhonha. A colis\u00e3o entre uma moto Yamaha XTZ e um ve\u00edculo VW Saveiro foi registrada por volta das 16 horas. O condutor [&hellip;]<\/p>\n","protected":false},"author":1,"featured_media":32086,"comment_status":"open","ping_status":"closed","sticky":false,"template":"","format":"standard","meta":{"amp_status":"","footnotes":""},"categories":[120],"tags":[557,149,9074],"class_list":["post-32085","post","type-post","status-publish","format-standard","has-post-thumbnail","hentry","category-jequi","tag-carbonita","tag-itamarandiba","tag-motociclista-menor-de-idade-fica-ferido-em-acidente-na-rodovia-entre-itamarandiba-e-carbonita"],"_links":{"self":[{"href":"https:\/\/aconteceunovale.com.br\/portal\/index.php?rest_route=\/wp\/v2\/posts\/32085","targetHints":{"allow":["GET"]}}],"collection":[{"href":"https:\/\/aconteceunovale.com.br\/portal\/index.php?rest_route=\/wp\/v2\/posts"}],"about":[{"href":"https:\/\/aconteceunovale.com.br\/portal\/index.php?rest_route=\/wp\/v2\/types\/post"}],"author":[{"embeddable":true,"href":"https:\/\/aconteceunovale.com.br\/portal\/index.php?rest_route=\/wp\/v2\/users\/1"}],"replies":[{"embeddable":true,"href":"https:\/\/aconteceunovale.com.br\/portal\/index.php?rest_route=%2Fwp%2Fv2%2Fcomments&post=32085"}],"version-history":[{"count":0,"href":"https:\/\/aconteceunovale.com.br\/portal\/index.php?rest_route=\/wp\/v2\/posts\/32085\/revisions"}],"wp:featuredmedia":[{"embeddable":true,"href":"https:\/\/aconteceunovale.com.br\/portal\/index.php?rest_route=\/wp\/v2\/media\/32086"}],"wp:attachment":[{"href":"https:\/\/aconteceunovale.com.br\/portal\/index.php?rest_route=%2Fwp%2Fv2%2Fmedia&parent=32085"}],"wp:term":[{"taxonomy":"category","embeddable":true,"href":"https:\/\/aconteceunovale.com.br\/portal\/index.php?rest_route=%2Fwp%2Fv2%2Fcategories&post=32085"},{"taxonomy":"post_tag","embeddable":true,"href":"https:\/\/aconteceunovale.com.br\/portal\/index.php?rest_route=%2Fwp%2Fv2%2Ftags&post=32085"}],"curies":[{"name":"wp","href":"https:\/\/api.w.org\/{rel}","templated":true}]}}