{"id":32081,"date":"2014-06-16T10:49:02","date_gmt":"2014-06-16T13:49:02","guid":{"rendered":"http:\/\/aconteceunovale.com.br\/portal\/?p=32081"},"modified":"2014-06-16T10:49:02","modified_gmt":"2014-06-16T13:49:02","slug":"acidente-envolvendo-tres-veiculos-deixa-um-morto-e-seis-feridos-na-br-381","status":"publish","type":"post","link":"https:\/\/aconteceunovale.com.br\/portal\/?p=32081","title":{"rendered":"Acidente envolvendo tr\u00eas ve\u00edculos deixa um morto e seis feridos na BR-381"},"content":{"rendered":"<p>Uma pessoa morreu e seis ficaram feridas na noite deste domingo, 15 de junho, em um grave acidente na BR-381, na regi\u00e3o Central de Minas. Um engarrafamento de quase dez quil\u00f4metros se formou em S\u00e3o Gon\u00e7alo do Rio Abaixo. Segundo informa\u00e7\u00f5es da Pol\u00edcia Rodovi\u00e1ria Federal, o acidente aconteceu por volta das 18h30, interditando os dois lados da rodovia. <\/p>\n<p>Um Fiat Stilo seguia pelo quil\u00f4metro 367 atr\u00e1s de uma motocicleta, na localidade rural de Ponte Coronel, em S\u00e3o Gon\u00e7alo do Rio Abaixo, quando um Gol azul, no sentido oposto, perdeu o controle e invadiu a contram\u00e3o, atingindo a motocicleta. Com a batida, a moto foi arremessada sobre o teto do Stilo.<\/p>\n<p>A motocicleta perfurou o teto atingindo a cabe\u00e7a do motorista Felipe Alvisi Galastro Perez, de 31 anos, natural da cidade de Nova Lima. Equipes do Servi\u00e7o Volunt\u00e1rio de Resgate (Sevor) de Jo\u00e3o Monlevade, e do Corpo de Bombeiros estiveram no local socorrendo mais seis pessoas feridas. O motociclista teria fraturado as pernas e todos os feridos foram encaminhados ao hospital Margarida em Jo\u00e3o Monlevade.<\/p>\n<p>A rodovia s\u00f3 foi liberada ap\u00f3s as 21h30min. O estado de sa\u00fade dos feridos n\u00e3o foi divulgado pelo hospital.<\/p>\n<p><img decoding=\"async\" src=\"http:\/\/aconteceunovale.com.br\/portal\/wp-content\/uploads\/2014\/06\/acidente_381_sgra_15_6_1.jpg\" alt=\"\" \/><\/p>\n<p><img decoding=\"async\" src=\"http:\/\/aconteceunovale.com.br\/portal\/wp-content\/uploads\/2014\/06\/acidente_381_sgra_15_6_2.jpg\" alt=\"\" \/><\/p>\n<p><em><strong>(Fotos: Silvio Andrade \/ Fonte: DeFato Online)<\/strong><\/em><\/p>\n","protected":false},"excerpt":{"rendered":"<p>Uma pessoa morreu e seis ficaram feridas na noite deste domingo, 15 de junho, em um grave acidente na BR-381, na regi\u00e3o Central de Minas. Um engarrafamento de quase dez quil\u00f4metros se formou em S\u00e3o Gon\u00e7alo do Rio Abaixo. Segundo informa\u00e7\u00f5es da Pol\u00edcia Rodovi\u00e1ria Federal, o acidente aconteceu por volta das 18h30, interditando os dois [&hellip;]<\/p>\n","protected":false},"author":1,"featured_media":32082,"comment_status":"open","ping_status":"closed","sticky":false,"template":"","format":"standard","meta":{"amp_status":"","footnotes":""},"categories":[123],"tags":[9071,9072,9073,8237,9070,1102,1496],"class_list":["post-32081","post","type-post","status-publish","format-standard","has-post-thumbnail","hentry","category-gerais","tag-acidente-com-felipe-alvisi-galastro-perez","tag-acidente-em-sao-goncalo-do-rio-abaixo","tag-acidente-envolvendo-tres-veiculos-deixa-um-morto-e-seis-feridos-na-br-381","tag-acidente-na-br-381","tag-felipe-alvisi-galastro-perez","tag-joao-monlevade","tag-nova-lima"],"_links":{"self":[{"href":"https:\/\/aconteceunovale.com.br\/portal\/index.php?rest_route=\/wp\/v2\/posts\/32081","targetHints":{"allow":["GET"]}}],"collection":[{"href":"https:\/\/aconteceunovale.com.br\/portal\/index.php?rest_route=\/wp\/v2\/posts"}],"about":[{"href":"https:\/\/aconteceunovale.com.br\/portal\/index.php?rest_route=\/wp\/v2\/types\/post"}],"author":[{"embeddable":true,"href":"https:\/\/aconteceunovale.com.br\/portal\/index.php?rest_route=\/wp\/v2\/users\/1"}],"replies":[{"embeddable":true,"href":"https:\/\/aconteceunovale.com.br\/portal\/index.php?rest_route=%2Fwp%2Fv2%2Fcomments&post=32081"}],"version-history":[{"count":0,"href":"https:\/\/aconteceunovale.com.br\/portal\/index.php?rest_route=\/wp\/v2\/posts\/32081\/revisions"}],"wp:featuredmedia":[{"embeddable":true,"href":"https:\/\/aconteceunovale.com.br\/portal\/index.php?rest_route=\/wp\/v2\/media\/32082"}],"wp:attachment":[{"href":"https:\/\/aconteceunovale.com.br\/portal\/index.php?rest_route=%2Fwp%2Fv2%2Fmedia&parent=32081"}],"wp:term":[{"taxonomy":"category","embeddable":true,"href":"https:\/\/aconteceunovale.com.br\/portal\/index.php?rest_route=%2Fwp%2Fv2%2Fcategories&post=32081"},{"taxonomy":"post_tag","embeddable":true,"href":"https:\/\/aconteceunovale.com.br\/portal\/index.php?rest_route=%2Fwp%2Fv2%2Ftags&post=32081"}],"curies":[{"name":"wp","href":"https:\/\/api.w.org\/{rel}","templated":true}]}}