{"id":32055,"date":"2014-06-15T22:27:31","date_gmt":"2014-06-16T01:27:31","guid":{"rendered":"http:\/\/aconteceunovale.com.br\/portal\/?p=32055"},"modified":"2014-06-16T23:22:20","modified_gmt":"2014-06-17T02:22:20","slug":"uma-pessoa-morre-e-duas-ficam-feridas-em-acidente-proximo-ao-parque-municipal-de-valadares","status":"publish","type":"post","link":"https:\/\/aconteceunovale.com.br\/portal\/?p=32055","title":{"rendered":"Adolescente morre em acidente no Parque Municipal de Governador Valadares"},"content":{"rendered":"<p>Um adolescente de 15 anos morreu em um grave acidente no fim da tarde deste domingo, 15 de junho, no Parque Municipal, nas proximidades do bairro Elvamar, em Governador Valadares, no Vale do Rio Doce. De acordo com uma testemunha que transitava atr\u00e1s do carro, um Vectra, o condutor perdeu o controle da dire\u00e7\u00e3o do ve\u00edculo e chocou-se contra uma \u00e1rvore.<\/p>\n<p>O motorista, G.C.G., de 18 anos, sofreu ferimentos no rosto e escoria\u00e7\u00f5es pelo resto do corpo. Ele foi atendido pelo Servi\u00e7o de Atendimento M\u00f3vel de Urg\u00eancia (Samu) e levado ao Hospital de Pronto Socorro ainda inconsciente. Carlos Eduardo de Oliveira, de 15 anos, morreu no local, preso \u00e0s ferragens. Ele seria o passageiro sentado no banco da frente. No Vectra ainda havia outro passageiro, J.A.A.F., de 19 anos, que n\u00e3o sofreu ferimentos aparentes e recusou atendimento m\u00e9dico.<\/p>\n<p>O corpo do jovem foi levado para o Posto de Per\u00edcias Integradas (PPI) para os procedimentos de praxe. A pol\u00edcia investiga as causas do acidente.<\/p>\n<p><img decoding=\"async\" src=\"http:\/\/aconteceunovale.com.br\/portal\/wp-content\/uploads\/2014\/06\/acidente_gv_15_06.jpg\" alt=\"\" \/><\/p>\n<p><strong><em>(Foto: Roberto Higino \/ Caso de Pol\u00edcia)<\/em><\/strong><\/p>\n","protected":false},"excerpt":{"rendered":"<p>Um adolescente de 15 anos morreu em um grave acidente no fim da tarde deste domingo, 15 de junho, no Parque Municipal, nas proximidades do bairro Elvamar, em Governador Valadares, no Vale do Rio Doce. De acordo com uma testemunha que transitava atr\u00e1s do carro, um Vectra, o condutor perdeu o controle da dire\u00e7\u00e3o do [&hellip;]<\/p>\n","protected":false},"author":1,"featured_media":32056,"comment_status":"open","ping_status":"closed","sticky":false,"template":"","format":"standard","meta":{"amp_status":"","footnotes":""},"categories":[121],"tags":[9111,1018,247,9048],"class_list":["post-32055","post","type-post","status-publish","format-standard","has-post-thumbnail","hentry","category-leste","tag-adolescente-morre-em-acidente-no-parque-municipal-de-governador-valadares","tag-destaque","tag-governador-valadares","tag-uma-pessoa-morre-e-duas-ficam-feridas-em-acidente-proximo-ao-parque-municipal-de-valadares"],"_links":{"self":[{"href":"https:\/\/aconteceunovale.com.br\/portal\/index.php?rest_route=\/wp\/v2\/posts\/32055","targetHints":{"allow":["GET"]}}],"collection":[{"href":"https:\/\/aconteceunovale.com.br\/portal\/index.php?rest_route=\/wp\/v2\/posts"}],"about":[{"href":"https:\/\/aconteceunovale.com.br\/portal\/index.php?rest_route=\/wp\/v2\/types\/post"}],"author":[{"embeddable":true,"href":"https:\/\/aconteceunovale.com.br\/portal\/index.php?rest_route=\/wp\/v2\/users\/1"}],"replies":[{"embeddable":true,"href":"https:\/\/aconteceunovale.com.br\/portal\/index.php?rest_route=%2Fwp%2Fv2%2Fcomments&post=32055"}],"version-history":[{"count":0,"href":"https:\/\/aconteceunovale.com.br\/portal\/index.php?rest_route=\/wp\/v2\/posts\/32055\/revisions"}],"wp:featuredmedia":[{"embeddable":true,"href":"https:\/\/aconteceunovale.com.br\/portal\/index.php?rest_route=\/wp\/v2\/media\/32056"}],"wp:attachment":[{"href":"https:\/\/aconteceunovale.com.br\/portal\/index.php?rest_route=%2Fwp%2Fv2%2Fmedia&parent=32055"}],"wp:term":[{"taxonomy":"category","embeddable":true,"href":"https:\/\/aconteceunovale.com.br\/portal\/index.php?rest_route=%2Fwp%2Fv2%2Fcategories&post=32055"},{"taxonomy":"post_tag","embeddable":true,"href":"https:\/\/aconteceunovale.com.br\/portal\/index.php?rest_route=%2Fwp%2Fv2%2Ftags&post=32055"}],"curies":[{"name":"wp","href":"https:\/\/api.w.org\/{rel}","templated":true}]}}