{"id":32052,"date":"2014-06-15T22:11:44","date_gmt":"2014-06-16T01:11:44","guid":{"rendered":"http:\/\/aconteceunovale.com.br\/portal\/?p=32052"},"modified":"2014-06-15T22:12:05","modified_gmt":"2014-06-16T01:12:05","slug":"tres-pessoas-ficam-feridas-em-acidente-envolvendo-caminhao-e-carro-de-passeio-na-br-116","status":"publish","type":"post","link":"https:\/\/aconteceunovale.com.br\/portal\/?p=32052","title":{"rendered":"Tr\u00eas pessoas ficam feridas em acidente envolvendo caminh\u00e3o e carro de passeio na BR-116"},"content":{"rendered":"<p>Tr\u00eas pessoas ficaram feridas, em um acidente envolvendo um caminh\u00e3o e um carro de passeio, na manh\u00e3 deste domingo, 15 de junho, no quil\u00f4metro 463, da BR-116, entre os munic\u00edpios de Engenheiro Caldas e Dom Cavati, no Leste de Minas Gerais.  <\/p>\n<p>Segundo informa\u00e7\u00f5es da Pol\u00edcia Rodovi\u00e1ria Federal (PRF) de Caratinga, o motorista do caminh\u00e3o, com placas de S\u00e3o Jo\u00e3o do Manhua\u00e7u, teria feito uma convers\u00e3o para entrar em uma fazenda que fica as margens da rodovia, sem observar a movimenta\u00e7\u00e3o na pista. Neste momento, um carro com placas de Tarumirim acertou a lateral do ve\u00edculo.<\/p>\n<p>No ve\u00edculo de passeio estavam o motorista e tr\u00eas passageiros. O motorista de 25 anos e dois dos passageiros, de 40 e 21 anos, ficaram feridos e foram encaminhados ao Hospital Municipal de Governador Valadares. O motorista do caminh\u00e3o, 34 anos, e o quarto ocupante do Palio, 43 anos, sofreram escoria\u00e7\u00f5es leves e foram atendidos no local. (G1)<\/p>\n","protected":false},"excerpt":{"rendered":"<p>Tr\u00eas pessoas ficaram feridas, em um acidente envolvendo um caminh\u00e3o e um carro de passeio, na manh\u00e3 deste domingo, 15 de junho, no quil\u00f4metro 463, da BR-116, entre os munic\u00edpios de Engenheiro Caldas e Dom Cavati, no Leste de Minas Gerais. Segundo informa\u00e7\u00f5es da Pol\u00edcia Rodovi\u00e1ria Federal (PRF) de Caratinga, o motorista do caminh\u00e3o, com [&hellip;]<\/p>\n","protected":false},"author":1,"featured_media":13667,"comment_status":"open","ping_status":"closed","sticky":false,"template":"","format":"standard","meta":{"amp_status":"","footnotes":""},"categories":[121],"tags":[237,1328,288,247,209,9047,329,9046],"class_list":["post-32052","post","type-post","status-publish","format-standard","has-post-thumbnail","hentry","category-leste","tag-caratinga","tag-dom-cavati","tag-engenheiro-caldas","tag-governador-valadares","tag-manhuacu","tag-sao-joao-do-manhuacu","tag-tarumirim","tag-tres-pessoas-ficam-feridas-em-acidente-envolvendo-caminhao-e-carro-de-passeio-na-br-116"],"_links":{"self":[{"href":"https:\/\/aconteceunovale.com.br\/portal\/index.php?rest_route=\/wp\/v2\/posts\/32052","targetHints":{"allow":["GET"]}}],"collection":[{"href":"https:\/\/aconteceunovale.com.br\/portal\/index.php?rest_route=\/wp\/v2\/posts"}],"about":[{"href":"https:\/\/aconteceunovale.com.br\/portal\/index.php?rest_route=\/wp\/v2\/types\/post"}],"author":[{"embeddable":true,"href":"https:\/\/aconteceunovale.com.br\/portal\/index.php?rest_route=\/wp\/v2\/users\/1"}],"replies":[{"embeddable":true,"href":"https:\/\/aconteceunovale.com.br\/portal\/index.php?rest_route=%2Fwp%2Fv2%2Fcomments&post=32052"}],"version-history":[{"count":0,"href":"https:\/\/aconteceunovale.com.br\/portal\/index.php?rest_route=\/wp\/v2\/posts\/32052\/revisions"}],"wp:featuredmedia":[{"embeddable":true,"href":"https:\/\/aconteceunovale.com.br\/portal\/index.php?rest_route=\/wp\/v2\/media\/13667"}],"wp:attachment":[{"href":"https:\/\/aconteceunovale.com.br\/portal\/index.php?rest_route=%2Fwp%2Fv2%2Fmedia&parent=32052"}],"wp:term":[{"taxonomy":"category","embeddable":true,"href":"https:\/\/aconteceunovale.com.br\/portal\/index.php?rest_route=%2Fwp%2Fv2%2Fcategories&post=32052"},{"taxonomy":"post_tag","embeddable":true,"href":"https:\/\/aconteceunovale.com.br\/portal\/index.php?rest_route=%2Fwp%2Fv2%2Ftags&post=32052"}],"curies":[{"name":"wp","href":"https:\/\/api.w.org\/{rel}","templated":true}]}}