{"id":32039,"date":"2014-06-15T21:54:51","date_gmt":"2014-06-16T00:54:51","guid":{"rendered":"http:\/\/aconteceunovale.com.br\/portal\/?p=32039"},"modified":"2014-06-15T21:55:38","modified_gmt":"2014-06-16T00:55:38","slug":"quatro-colombianos-ficam-feridos-em-acidente-na-br-381","status":"publish","type":"post","link":"https:\/\/aconteceunovale.com.br\/portal\/?p=32039","title":{"rendered":"Quatro colombianos ficam feridos em acidente na BR-381"},"content":{"rendered":"<p>Quatro colombianos ficaram feridos ap\u00f3s o carro em que estavam ser fechado por uma carreta e cair em um barranco de aproximadamente 25 metros \u00e0s margens da BR-381, em Caet\u00e9, na regi\u00e3o metropolitana de Belo Horizonte na tarde deste domingo (15).<\/p>\n<p>Conforme informa\u00e7\u00f5es do socorrista Silas J\u00fanior do Anjos do Asfalto, que atendeu a ocorr\u00eancia, os torcedores estavam hospedados em Itabira e seguiam para Belo Horizonte. Um motorista que estava na rodovia e presenciou a cena contou que viu uma carreta fechando o ve\u00edculo dos colombianos e em seguida o carro sair da pista.<\/p>\n<p>O casal havia alugado o  Volkswagen Voyage, com placa de Curitiba, para andar pelo Brasil durante o Mundial. A mulher quebrou o nariz e um dos homens teve um corte profundo na cabe\u00e7a.<\/p>\n<p>O socorrista declarou que al\u00e9m da dificuldade em resgatar as v\u00edtimas, em fun\u00e7\u00e3o do local ser de dif\u00edcil acesso, o idioma tamb\u00e9m n\u00e3o ajudou. &#8220;Custamos a entender o que eles estavam falando, eles n\u00e3o falam a nossa l\u00edngua&#8221;, relatou.  <\/p>\n<p>Juan Carlos V\u00e1squez, de 49 anos, Blanca Nitya Suarez, de 48, Diego Fernando Vasquez, de 26, e Daniel Felipe Bellon, de 24, foram socorridos para o Hospital de Pronto-socorro Jo\u00e3o XXIII. O tr\u00e1fego na regi\u00e3o ficou lento durante a tarde em fun\u00e7\u00e3o de curiosos que tentam observar o acidente, segundo a Pol\u00edcia Rodovi\u00e1ria Federal (PRF).<\/p>\n<p><strong>GALERIA DE FOTOS<\/strong><br \/>\n<em>(Foto: Anjos do Asfalto)<\/em><\/p>\n<p><img decoding=\"async\" src=\"http:\/\/aconteceunovale.com.br\/portal\/wp-content\/uploads\/2014\/06\/acidente_colombianos_381_1.jpg\" alt=\"\" \/><br \/>\n<div id='gallery-1' class='gallery galleryid-32039 gallery-columns-5 gallery-size-thumbnail'><figure class='gallery-item'>\n\t\t\t<div class='gallery-icon landscape'>\n\t\t\t\t<a href='https:\/\/aconteceunovale.com.br\/portal\/wp-content\/uploads\/2014\/06\/acidente_colombianos_381_3.jpg'><img loading=\"lazy\" decoding=\"async\" width=\"150\" height=\"150\" src=\"https:\/\/aconteceunovale.com.br\/portal\/wp-content\/uploads\/2014\/06\/acidente_colombianos_381_3-150x150.jpg\" class=\"attachment-thumbnail size-thumbnail\" alt=\"\" \/><\/a>\n\t\t\t<\/div><\/figure><figure class='gallery-item'>\n\t\t\t<div class='gallery-icon landscape'>\n\t\t\t\t<a href='https:\/\/aconteceunovale.com.br\/portal\/wp-content\/uploads\/2014\/06\/acidente_colombianos_381_6.jpg'><img loading=\"lazy\" decoding=\"async\" width=\"150\" height=\"150\" src=\"https:\/\/aconteceunovale.com.br\/portal\/wp-content\/uploads\/2014\/06\/acidente_colombianos_381_6-150x150.jpg\" class=\"attachment-thumbnail size-thumbnail\" alt=\"\" \/><\/a>\n\t\t\t<\/div><\/figure><figure class='gallery-item'>\n\t\t\t<div class='gallery-icon landscape'>\n\t\t\t\t<a href='https:\/\/aconteceunovale.com.br\/portal\/wp-content\/uploads\/2014\/06\/acidente_colombianos_381_5.jpg'><img loading=\"lazy\" decoding=\"async\" width=\"150\" height=\"150\" src=\"https:\/\/aconteceunovale.com.br\/portal\/wp-content\/uploads\/2014\/06\/acidente_colombianos_381_5-150x150.jpg\" class=\"attachment-thumbnail size-thumbnail\" alt=\"\" \/><\/a>\n\t\t\t<\/div><\/figure><figure class='gallery-item'>\n\t\t\t<div class='gallery-icon landscape'>\n\t\t\t\t<a href='https:\/\/aconteceunovale.com.br\/portal\/wp-content\/uploads\/2014\/06\/acidente_colombianos_381_4.jpg'><img loading=\"lazy\" decoding=\"async\" width=\"150\" height=\"150\" src=\"https:\/\/aconteceunovale.com.br\/portal\/wp-content\/uploads\/2014\/06\/acidente_colombianos_381_4-150x150.jpg\" class=\"attachment-thumbnail size-thumbnail\" alt=\"\" \/><\/a>\n\t\t\t<\/div><\/figure><figure class='gallery-item'>\n\t\t\t<div class='gallery-icon landscape'>\n\t\t\t\t<a href='https:\/\/aconteceunovale.com.br\/portal\/wp-content\/uploads\/2014\/06\/acidente_colombianos_381_2.jpg'><img loading=\"lazy\" decoding=\"async\" width=\"150\" height=\"150\" src=\"https:\/\/aconteceunovale.com.br\/portal\/wp-content\/uploads\/2014\/06\/acidente_colombianos_381_2-150x150.jpg\" class=\"attachment-thumbnail size-thumbnail\" alt=\"\" \/><\/a>\n\t\t\t<\/div><\/figure>\n\t\t<\/div>\n<\/p>\n<p><strong>(O Tempo)<\/strong><\/p>\n","protected":false},"excerpt":{"rendered":"<p>Quatro colombianos ficaram feridos ap\u00f3s o carro em que estavam ser fechado por uma carreta e cair em um barranco de aproximadamente 25 metros \u00e0s margens da BR-381, em Caet\u00e9, na regi\u00e3o metropolitana de Belo Horizonte na tarde deste domingo (15). Conforme informa\u00e7\u00f5es do socorrista Silas J\u00fanior do Anjos do Asfalto, que atendeu a ocorr\u00eancia, [&hellip;]<\/p>\n","protected":false},"author":1,"featured_media":32040,"comment_status":"open","ping_status":"closed","sticky":false,"template":"","format":"standard","meta":{"amp_status":"","footnotes":""},"categories":[123],"tags":[9037,9038,9041,9043,1018,9042,9036,9039,202,9040,9044],"class_list":["post-32039","post","type-post","status-publish","format-standard","has-post-thumbnail","hentry","category-gerais","tag-acidente-com-colombianos-em-minas-gerais","tag-acidente-com-familia-da-colombia-em-minas-gerais","tag-blanca-nitya-suarez","tag-daniel-felipe-bellon","tag-destaque","tag-diego-fernando-vasquez","tag-familia-de-colombianos-ficam-feridos-em-acidente-na-br-381","tag-fotos-do-acidente-com-familia-da-colombia-em-minas-gerais","tag-itabira","tag-juan-carlos-vasquez","tag-quatro-colombianos-ficam-feridos-em-acidente-na-br-381"],"_links":{"self":[{"href":"https:\/\/aconteceunovale.com.br\/portal\/index.php?rest_route=\/wp\/v2\/posts\/32039","targetHints":{"allow":["GET"]}}],"collection":[{"href":"https:\/\/aconteceunovale.com.br\/portal\/index.php?rest_route=\/wp\/v2\/posts"}],"about":[{"href":"https:\/\/aconteceunovale.com.br\/portal\/index.php?rest_route=\/wp\/v2\/types\/post"}],"author":[{"embeddable":true,"href":"https:\/\/aconteceunovale.com.br\/portal\/index.php?rest_route=\/wp\/v2\/users\/1"}],"replies":[{"embeddable":true,"href":"https:\/\/aconteceunovale.com.br\/portal\/index.php?rest_route=%2Fwp%2Fv2%2Fcomments&post=32039"}],"version-history":[{"count":0,"href":"https:\/\/aconteceunovale.com.br\/portal\/index.php?rest_route=\/wp\/v2\/posts\/32039\/revisions"}],"wp:featuredmedia":[{"embeddable":true,"href":"https:\/\/aconteceunovale.com.br\/portal\/index.php?rest_route=\/wp\/v2\/media\/32040"}],"wp:attachment":[{"href":"https:\/\/aconteceunovale.com.br\/portal\/index.php?rest_route=%2Fwp%2Fv2%2Fmedia&parent=32039"}],"wp:term":[{"taxonomy":"category","embeddable":true,"href":"https:\/\/aconteceunovale.com.br\/portal\/index.php?rest_route=%2Fwp%2Fv2%2Fcategories&post=32039"},{"taxonomy":"post_tag","embeddable":true,"href":"https:\/\/aconteceunovale.com.br\/portal\/index.php?rest_route=%2Fwp%2Fv2%2Ftags&post=32039"}],"curies":[{"name":"wp","href":"https:\/\/api.w.org\/{rel}","templated":true}]}}