{"id":32023,"date":"2014-06-15T20:03:57","date_gmt":"2014-06-15T23:03:57","guid":{"rendered":"http:\/\/aconteceunovale.com.br\/portal\/?p=32023"},"modified":"2014-06-15T20:03:57","modified_gmt":"2014-06-15T23:03:57","slug":"homem-de-51-anos-e-encontrado-morto-na-regiao-central-de-pote","status":"publish","type":"post","link":"https:\/\/aconteceunovale.com.br\/portal\/?p=32023","title":{"rendered":"Homem de 51 anos \u00e9 encontrado morto na regi\u00e3o central de Pot\u00e9"},"content":{"rendered":"<p>O corpo de um homem de 51 anos, identificado como JOS\u00c9 GERALDO ALVES DA SILVA, foi encontrado na manh\u00e3 deste domingo, 15 de junho, em uma casa na Rua Benedito Valadares, na regi\u00e3o Central de Pot\u00e9, no Vale do Mucuri.<\/p>\n<p>De acordo com informa\u00e7\u00f5es da Pol\u00edcia Militar, o sobrinho da v\u00edtima, encontrou o corpo j\u00e1 sem os sinais vitais em cima de um sof\u00e1 da casa onde ele residia e acionou a corpora\u00e7\u00e3o. <\/p>\n<p>Ainda segundo a PM, o rapaz informou aos policiais que atenderam a ocorr\u00eancia, que o tio usava medicamentos controlados. Os policiais verificaram que o corpo da v\u00edtima apresentava rigidez cadav\u00e9rica e n\u00e3o apresentava nenhum sinal de viol\u00eancia.<\/p>\n<p>O corpo foi removido do local por uma funer\u00e1ria e encaminhado para o Instituto M\u00e9dico Legal de Te\u00f3filo Otoni para os procedimentos de praxe.<\/p>\n","protected":false},"excerpt":{"rendered":"<p>O corpo de um homem de 51 anos, identificado como JOS\u00c9 GERALDO ALVES DA SILVA, foi encontrado na manh\u00e3 deste domingo, 15 de junho, em uma casa na Rua Benedito Valadares, na regi\u00e3o Central de Pot\u00e9, no Vale do Mucuri. De acordo com informa\u00e7\u00f5es da Pol\u00edcia Militar, o sobrinho da v\u00edtima, encontrou o corpo j\u00e1 [&hellip;]<\/p>\n","protected":false},"author":1,"featured_media":26977,"comment_status":"open","ping_status":"closed","sticky":false,"template":"","format":"standard","meta":{"amp_status":"","footnotes":""},"categories":[122],"tags":[9027,9028,3139],"class_list":["post-32023","post","type-post","status-publish","format-standard","has-post-thumbnail","hentry","category-mucuri","tag-homem-de-51-anos-e-encontrado-morto-na-regiao-central-de-pote","tag-jose-geraldo-alves-da-silva","tag-pote"],"_links":{"self":[{"href":"https:\/\/aconteceunovale.com.br\/portal\/index.php?rest_route=\/wp\/v2\/posts\/32023","targetHints":{"allow":["GET"]}}],"collection":[{"href":"https:\/\/aconteceunovale.com.br\/portal\/index.php?rest_route=\/wp\/v2\/posts"}],"about":[{"href":"https:\/\/aconteceunovale.com.br\/portal\/index.php?rest_route=\/wp\/v2\/types\/post"}],"author":[{"embeddable":true,"href":"https:\/\/aconteceunovale.com.br\/portal\/index.php?rest_route=\/wp\/v2\/users\/1"}],"replies":[{"embeddable":true,"href":"https:\/\/aconteceunovale.com.br\/portal\/index.php?rest_route=%2Fwp%2Fv2%2Fcomments&post=32023"}],"version-history":[{"count":0,"href":"https:\/\/aconteceunovale.com.br\/portal\/index.php?rest_route=\/wp\/v2\/posts\/32023\/revisions"}],"wp:featuredmedia":[{"embeddable":true,"href":"https:\/\/aconteceunovale.com.br\/portal\/index.php?rest_route=\/wp\/v2\/media\/26977"}],"wp:attachment":[{"href":"https:\/\/aconteceunovale.com.br\/portal\/index.php?rest_route=%2Fwp%2Fv2%2Fmedia&parent=32023"}],"wp:term":[{"taxonomy":"category","embeddable":true,"href":"https:\/\/aconteceunovale.com.br\/portal\/index.php?rest_route=%2Fwp%2Fv2%2Fcategories&post=32023"},{"taxonomy":"post_tag","embeddable":true,"href":"https:\/\/aconteceunovale.com.br\/portal\/index.php?rest_route=%2Fwp%2Fv2%2Ftags&post=32023"}],"curies":[{"name":"wp","href":"https:\/\/api.w.org\/{rel}","templated":true}]}}