{"id":32013,"date":"2014-06-15T16:36:24","date_gmt":"2014-06-15T19:36:24","guid":{"rendered":"http:\/\/aconteceunovale.com.br\/portal\/?p=32013"},"modified":"2014-06-15T16:36:49","modified_gmt":"2014-06-15T19:36:49","slug":"do-projeto-andar-de-novo-a-copa-do-mundo-o-brasil-real","status":"publish","type":"post","link":"https:\/\/aconteceunovale.com.br\/portal\/?p=32013","title":{"rendered":"Do projeto Andar de Novo \u00e0 Copa do Mundo: o Brasil real &#8211; Paulo Henrique Silva"},"content":{"rendered":"<p>O dia 12 de junho de 2014 entra para hist\u00f3ria do nosso pa\u00eds por v\u00e1rios motivos que v\u00e3o muito al\u00e9m do futebol.<\/p>\n<p>Desde 2001, anos antes do Brasil ser escolhido como pa\u00eds sede do Mundial, o neurocientista brasileiro Miguel Nicolelis, pesquisador e professor titular do Centro de Neuroengenharia da Universidade Duke, na Carolina do Norte, Estados Unidos, dedica-se ao Projeto Andar de Novo. <\/p>\n<p>S\u00e3o aproximadamente 150 pessoas, reunidas em um cons\u00f3rcio formado por universidades e institutos de pesquisa do mundo todo e sob o comando cient\u00edfico do brasileiro Nicolelis, com o objetivo de desenvolver uma tecnologia de interface c\u00e9rebro-m\u00e1quina que permita pessoas com mobilidade restringida \u2013 como parapl\u00e9gicos \u2013 a voltar a andar usando a mente para controlar um equipamento externo \u2013 o exoesqueleto.<\/p>\n<p>O exoesqueleto foi batizado de &#8220;BRA-Santos Dumont I&#8221;, em homenagem a quem Nicolelis considera o maior cientista brasileiro de todos os tempos.<\/p>\n<p><strong><em>Projeto Andar de Novo &#8211; Entrevista com Miguel Nicolelis:<\/em><\/strong><br \/>\n<iframe loading=\"lazy\" width=\"640\" height=\"360\" src=\"\/\/www.youtube.com\/embed\/T0lPYeoe2Jg\" frameborder=\"0\" allowfullscreen><\/iframe><\/p>\n<p>Durante a abertura da Copa do Mundo 2014 na Arena Corinthians foi realizada uma demonstra\u00e7\u00e3o ao p\u00fablico com o chute simb\u00f3lico dado por Juliano Pinto, um dos oito pacientes volunt\u00e1rios que participam do projeto e, lamentavelmente, n\u00e3o transmitido pela televis\u00e3o em sua plenitude, que se limitou a \u2018dar aten\u00e7\u00e3o\u2019 a breves segundos da apresenta\u00e7\u00e3o do experimento que pode render ao Brasil o seu primeiro Pr\u00eamio Nobel. <\/p>\n<p>Para efeito de compara\u00e7\u00e3o, a Argentina possui cinco Pr\u00eamios Nobel.<\/p>\n<p>Por outro lado, a Copa do Mundo teve in\u00edcio e o Brasil est\u00e1 sendo elogiado pelos turistas estrangeiros, seja pelo calor humano do nosso povo, sempre de bra\u00e7os abertos \u00e0queles que nos visitam, seja pelas condi\u00e7\u00f5es que est\u00e3o encontrando em nossos aeroportos, hot\u00e9is, transporte p\u00fablico, seguran\u00e7a e por a\u00ed vai.<\/p>\n<p>Mesmo com a grande m\u00eddia do pa\u00eds jogando contra, o Brasil vai dando conta do recado na organiza\u00e7\u00e3o de mais um grande evento esportivo no pa\u00eds e as nossas mazelas \u2013 sim, elas existem! \u2013 est\u00e3o sendo comparadas pelos estrangeiros como situa\u00e7\u00f5es que existem em qualquer pa\u00eds do mundo, inclusive naqueles que s\u00e3o idolatrados por colunistas e \u2018especialistas\u2019 da maioria dos ve\u00edculos da m\u00eddia brasileira.<\/p>\n<p>E no Brasil real, se foram muitas as conquistas nos \u00faltimos anos, ainda h\u00e1 muita coisa para ser feita. Entretanto, o caminho que alguns est\u00e3o escolhendo est\u00e1 muito distante daquele que a imensa maioria do nosso povo prefere, ou seja, o caminho da constru\u00e7\u00e3o, da igualdade e da cidadania.<\/p>\n<p>A elite branca da \u00e1rea vip da Arena Corinthians foi na contram\u00e3o dos valores da nossa sociedade, mesmo que em determinados epis\u00f3dios estes valores se demonstrem invertidos. Puxar um coro de xingamento \u00e0 Presidente Dilma, desrespeitando n\u00e3o s\u00f3 a mulher \u2013 m\u00e3e e av\u00f3, mas tamb\u00e9m a institui\u00e7\u00e3o da Presid\u00eancia da Rep\u00fablica, justamente no momento em que os \u2018olhos\u2019 do mundo est\u00e3o voltados para o Brasil, foi um tiro no p\u00e9.<\/p>\n<p>Reclamar da educa\u00e7\u00e3o do pa\u00eds est\u00e1 corret\u00edssimo e exigir melhoras \u00e9 leg\u00edtimo.<\/p>\n<p>Agora, demonstrar que a cria\u00e7\u00e3o de ber\u00e7o deixou a desejar, ainda mais por pessoas que se acham diferenciadas e formadoras de opini\u00e3o, a\u00ed \u00e9 alarmante. <\/p>\n<p>E estejamos atentos, porque candidato \u00e0 presid\u00eancia que apoia um \u2018vai tomar no c&#8230;\u2019 para a Presidente do Brasil, o que ser\u00e1 que ele est\u00e1 reservando para o povo?<\/p>\n<p>O Brasil real \u00e9 o pa\u00eds das conquistas; \u00e9 o pa\u00eds do reconhecimento a Santos Dumont e a Miguel Nicolelis; \u00e9 o pa\u00eds do pr\u00e9-sal e do Ci\u00eancias sem fronteiras; \u00e9 o pais do combate \u00e0 fome e \u00e0 pobreza extrema; \u00e9 o pa\u00eds com Plano Nacional de Educa\u00e7\u00e3o que destina 10% do Produto Interno Bruto (PIB) para a educa\u00e7\u00e3o (agora com o Brasil, s\u00e3o apenas 5 em todo o mundo!); \u00e9 o pa\u00eds aonde o povo reconhece as fraquezas de sua na\u00e7\u00e3o e trabalha para elimin\u00e1-las.  <\/p>\n<p>Vamos adiante, pois h\u00e1 muito que se fazer no Brasil, mas de forma civilizada, transparente, sem meias verdades ou mentiras. <\/p>\n<p>Forte abra\u00e7o!<\/p>\n<p><img decoding=\"async\" src=\"http:\/\/aconteceunovale.com.br\/portal\/wp-content\/uploads\/2014\/06\/chute_inicio_da_copa.jpg\" alt=\"\" \/><em>Chute simb\u00f3lico dado por Juliano Pinto, na abertura da Copa do Mundo 2014, em S\u00e3o Paulo &#8211; Foto: Reprodu\u00e7\u00e3o<\/em><\/p>\n","protected":false},"excerpt":{"rendered":"<p>O dia 12 de junho de 2014 entra para hist\u00f3ria do nosso pa\u00eds por v\u00e1rios motivos que v\u00e3o muito al\u00e9m do futebol. Desde 2001, anos antes do Brasil ser escolhido como pa\u00eds sede do Mundial, o neurocientista brasileiro Miguel Nicolelis, pesquisador e professor titular do Centro de Neuroengenharia da Universidade Duke, na Carolina do Norte, [&hellip;]<\/p>\n","protected":false},"author":1,"featured_media":32014,"comment_status":"open","ping_status":"closed","sticky":false,"template":"","format":"standard","meta":{"amp_status":"","footnotes":""},"categories":[4927],"tags":[9022,5649,9026,9024,9023,9025,8058,8057],"class_list":["post-32013","post","type-post","status-publish","format-standard","has-post-thumbnail","hentry","category-colunistas","tag-bra-santos-dumont-i","tag-copa-do-mundo-2014","tag-do-projeto-andar-de-novo-a-copa-do-mundo","tag-miguel-nicolelis","tag-neurocientista-brasileiro-miguel-nicolelis","tag-projeto-andar-de-novo","tag-world-cup","tag-world-cup-2014"],"_links":{"self":[{"href":"https:\/\/aconteceunovale.com.br\/portal\/index.php?rest_route=\/wp\/v2\/posts\/32013","targetHints":{"allow":["GET"]}}],"collection":[{"href":"https:\/\/aconteceunovale.com.br\/portal\/index.php?rest_route=\/wp\/v2\/posts"}],"about":[{"href":"https:\/\/aconteceunovale.com.br\/portal\/index.php?rest_route=\/wp\/v2\/types\/post"}],"author":[{"embeddable":true,"href":"https:\/\/aconteceunovale.com.br\/portal\/index.php?rest_route=\/wp\/v2\/users\/1"}],"replies":[{"embeddable":true,"href":"https:\/\/aconteceunovale.com.br\/portal\/index.php?rest_route=%2Fwp%2Fv2%2Fcomments&post=32013"}],"version-history":[{"count":0,"href":"https:\/\/aconteceunovale.com.br\/portal\/index.php?rest_route=\/wp\/v2\/posts\/32013\/revisions"}],"wp:featuredmedia":[{"embeddable":true,"href":"https:\/\/aconteceunovale.com.br\/portal\/index.php?rest_route=\/wp\/v2\/media\/32014"}],"wp:attachment":[{"href":"https:\/\/aconteceunovale.com.br\/portal\/index.php?rest_route=%2Fwp%2Fv2%2Fmedia&parent=32013"}],"wp:term":[{"taxonomy":"category","embeddable":true,"href":"https:\/\/aconteceunovale.com.br\/portal\/index.php?rest_route=%2Fwp%2Fv2%2Fcategories&post=32013"},{"taxonomy":"post_tag","embeddable":true,"href":"https:\/\/aconteceunovale.com.br\/portal\/index.php?rest_route=%2Fwp%2Fv2%2Ftags&post=32013"}],"curies":[{"name":"wp","href":"https:\/\/api.w.org\/{rel}","templated":true}]}}