{"id":31969,"date":"2014-06-15T11:45:49","date_gmt":"2014-06-15T14:45:49","guid":{"rendered":"http:\/\/aconteceunovale.com.br\/portal\/?p=31969"},"modified":"2014-06-15T11:45:49","modified_gmt":"2014-06-15T14:45:49","slug":"psdb-oficializa-aecio-neves-como-candidato-a-presidente-da-republica","status":"publish","type":"post","link":"https:\/\/aconteceunovale.com.br\/portal\/?p=31969","title":{"rendered":"PSDB oficializa A\u00e9cio Neves como candidato a presidente da Rep\u00fablica"},"content":{"rendered":"<p>Em conven\u00e7\u00e3o nacional, o PSDB oficializou nesse s\u00e1bado, 14 de junho, a candidatura do senador e presidente do partido, A\u00e9cio Neves (MG), \u00e0 Presid\u00eancia da Rep\u00fablica nas elei\u00e7\u00f5es de outubro. Dos 451 delegados votantes, 447 aprovaram a candidatura de A\u00e9cio, tr\u00eas votaram em branco e um nulo. A legenda n\u00e3o definiu o nome do candidato \u00e0 Vice-Presid\u00eancia. <\/p>\n<p>Em discurso de 20 minutos, A\u00e9cio disse que pretende promover o \u201creencontro do Brasil\u201d, defendeu o controle da infla\u00e7\u00e3o, o combate \u00e0 corrup\u00e7\u00e3o, fez cr\u00edticas ao atual governo e elogiou a gest\u00e3o do ex-presidente Fernando Henrique Cardoso.<\/p>\n<p><img decoding=\"async\" src=\"http:\/\/aconteceunovale.com.br\/portal\/wp-content\/uploads\/2014\/06\/aecio_oficial_psdb.jpg\" alt=\"\" \/><em><strong>PSDB confirma A\u00e9cio Neves como candidato a presidente da Rep\u00fablica &#8211; Foto: GEORGE GIANNI<\/strong><\/em><br \/>\n<\/br><\/p>\n<p>\u201cA minha responsabilidade, se j\u00e1 era grande, hoje \u00e9 ainda maior. Se coube a JK [Juscelino Kubitschek], h\u00e1 60 anos, permitir o reencontro do Brasil com desenvolvimento, coube a Tancredo [Neves], 30 anos depois, fazer o pa\u00eds se reencontrar com a democracia. Outros 30 anos se passaram, agora vamos conduzir o pa\u00eds \u00e0 dec\u00eancia.\u201d, disse.<\/p>\n<p>Para A\u00e9cio, o controle da infla\u00e7\u00e3o est\u00e1 sendo perdido, al\u00e9m de mencionar as den\u00fancias de irregularidades envolvendo a Petrobras. \u201cNo lugar de um novo e prometido salto, perdemos o rumo. Infla\u00e7\u00e3o est\u00e1 de volta atrasando a agenda nacional. O Brasil n\u00e3o aceita mais o Estado cooptado e aparelhado. Quer o fim dos esc\u00e2ndalos em s\u00e9rie e corrup\u00e7\u00e3o end\u00eamica. Por todo territ\u00f3rio nacional, vemos um enorme cemit\u00e9rio de obras inacabadas\u201d, disse.<\/p>\n<p>O ex-governador de S\u00e3o Paulo e ex-ministro da Sa\u00fade, Jos\u00e9 Serra, disse que a candidatura de A\u00e9cio representa as mudan\u00e7as que o Brasil deseja. \u201cN\u00f3s acreditamos em valores que constroem e precisamos saber conviver com as diferen\u00e7as. O PSDB n\u00e3o nasceu para destruir e sim para servir ao pa\u00eds. Os brasileiros querem mais verdade, toler\u00e2ncia, compet\u00eancia e n\u00e3o mais frustra\u00e7\u00f5es\u201d, disse Serra, que foi o candidato do PSDB nas elei\u00e7\u00f5es presidenciais de 2010.<\/p>\n<p>Na avalia\u00e7\u00e3o do ex-presidente Fernando Henrique Cardoso, o momento \u00e9 de ouvir a voz do povo. \u201c\u00c9 preciso ouvir a voz das ruas que clamam por mudan\u00e7a e que cansaram de corrup\u00e7\u00e3o, mentira e distanciamento do povo. A\u00e9cio sabe ouvir a popula\u00e7\u00e3o, sabe atrair as pessoas, porque sentem confian\u00e7a nele. N\u00f3s precisamos ganhar a confian\u00e7a do povo que quer um futuro diferente\u201d.<\/p>\n<p>O senador Aloysio Nunes Ferreira ressaltou que os brasileiros pedem mudan\u00e7as, criticou a gest\u00e3o de Dilma Rousseff e disse que o cen\u00e1rio eleitoral \u00e9 diferente do da \u00faltima campanha em 2010. \u201cN\u00e3o nos conformamos com a volta da infla\u00e7\u00e3o e os brasileiros est\u00e3o chocados com as not\u00edcias de corrup\u00e7\u00e3o\u201d, disse.  Estiveram presentes na conven\u00e7\u00e3o os governadores Geraldo Alckmin (S\u00e3o Paulo) e Beto Richa (Paran\u00e1).<\/p>\n<p>Nascido em 10 de mar\u00e7o de 1960, em Belo Horizonte, A\u00e9cio Neves \u00e9 economista pela Pontif\u00edcia Universidade Cat\u00f3lica (PUC) de Minas Gerais. \u00c9 filho de In\u00eas Maria e do ex-deputado federal A\u00e9cio Ferreira da Cunha e neto do ex-presidente da Rep\u00fablica Tancredo Neves e do deputado federal Trist\u00e3o da Cunha.<\/p>\n<p>Foi eleito senador da Rep\u00fablica por Minas Gerais em 2010. Governou o estado por dois mandatos (2003 a 2010) e foi deputado federal por 16 anos, tendo presidido a C\u00e2mara dos Deputados. A\u00e9cio Neves foi eleito presidente nacional do PSDB em de maio de 2013. (Ag\u00eancia Brasil)<\/p>\n","protected":false},"excerpt":{"rendered":"<p>Em conven\u00e7\u00e3o nacional, o PSDB oficializou nesse s\u00e1bado, 14 de junho, a candidatura do senador e presidente do partido, A\u00e9cio Neves (MG), \u00e0 Presid\u00eancia da Rep\u00fablica nas elei\u00e7\u00f5es de outubro. Dos 451 delegados votantes, 447 aprovaram a candidatura de A\u00e9cio, tr\u00eas votaram em branco e um nulo. A legenda n\u00e3o definiu o nome do candidato [&hellip;]<\/p>\n","protected":false},"author":1,"featured_media":31971,"comment_status":"open","ping_status":"closed","sticky":false,"template":"","format":"standard","meta":{"amp_status":"","footnotes":""},"categories":[6],"tags":[2728,3394,9013],"class_list":["post-31969","post","type-post","status-publish","format-standard","has-post-thumbnail","hentry","category-br","tag-aecio-neves","tag-eleicoes-2014","tag-psdb-oficializa-aecio-neves-como-candidato-a-presidente-da-republica"],"_links":{"self":[{"href":"https:\/\/aconteceunovale.com.br\/portal\/index.php?rest_route=\/wp\/v2\/posts\/31969","targetHints":{"allow":["GET"]}}],"collection":[{"href":"https:\/\/aconteceunovale.com.br\/portal\/index.php?rest_route=\/wp\/v2\/posts"}],"about":[{"href":"https:\/\/aconteceunovale.com.br\/portal\/index.php?rest_route=\/wp\/v2\/types\/post"}],"author":[{"embeddable":true,"href":"https:\/\/aconteceunovale.com.br\/portal\/index.php?rest_route=\/wp\/v2\/users\/1"}],"replies":[{"embeddable":true,"href":"https:\/\/aconteceunovale.com.br\/portal\/index.php?rest_route=%2Fwp%2Fv2%2Fcomments&post=31969"}],"version-history":[{"count":0,"href":"https:\/\/aconteceunovale.com.br\/portal\/index.php?rest_route=\/wp\/v2\/posts\/31969\/revisions"}],"wp:featuredmedia":[{"embeddable":true,"href":"https:\/\/aconteceunovale.com.br\/portal\/index.php?rest_route=\/wp\/v2\/media\/31971"}],"wp:attachment":[{"href":"https:\/\/aconteceunovale.com.br\/portal\/index.php?rest_route=%2Fwp%2Fv2%2Fmedia&parent=31969"}],"wp:term":[{"taxonomy":"category","embeddable":true,"href":"https:\/\/aconteceunovale.com.br\/portal\/index.php?rest_route=%2Fwp%2Fv2%2Fcategories&post=31969"},{"taxonomy":"post_tag","embeddable":true,"href":"https:\/\/aconteceunovale.com.br\/portal\/index.php?rest_route=%2Fwp%2Fv2%2Ftags&post=31969"}],"curies":[{"name":"wp","href":"https:\/\/api.w.org\/{rel}","templated":true}]}}