{"id":31898,"date":"2014-06-13T20:58:37","date_gmt":"2014-06-13T23:58:37","guid":{"rendered":"http:\/\/aconteceunovale.com.br\/portal\/?p=31898"},"modified":"2014-06-14T19:24:48","modified_gmt":"2014-06-14T22:24:48","slug":"colisao-frontal-entre-dois-veiculos-deixa-duas-pessoas-feridas-na-br-116","status":"publish","type":"post","link":"https:\/\/aconteceunovale.com.br\/portal\/?p=31898","title":{"rendered":"Colis\u00e3o frontal entre dois ve\u00edculos deixa duas pessoas feridas na BR-116"},"content":{"rendered":"<h4><strong>Acidente aconteceu na tarde desta sexta (13), no quil\u00f4metro 311 da BR-116. Motoristas foram levados em estado grave para o Hospital Santa Ros\u00e1lia, em Te\u00f3filo Otoni.<\/strong><\/h4>\n<p>Dois homens ficaram gravemente feridos em um acidente na tarde desta sexta-feira (13), no quil\u00f4metro 311 da BR-116, pr\u00f3ximo ao munic\u00edpio de Itambacuri, no Vale do Mucuri. Chovia na hora do acidente<\/p>\n<p>A Pol\u00edcia Rodovi\u00e1ria Federal (PRF) ainda investiga as causas do acidente, que provocou a colis\u00e3o frontal entre dois ve\u00edculos. Um dos ve\u00edculos est\u00e1 com os pneus traseiros desgastados, o que pode ter potencializado o acidente, segundo a PRF.<\/p>\n<p>Ambos os ve\u00edculos estavam ocupados apenas pelos motoristas: Carlos Rog\u00e9rio dos Santos, de 47 anos e Valdemar Batista Soares, de 59. Eles tiveram ferimentos graves. Eles foram socorridos pelo SAMU e encaminhados para o Hospital Santa Ros\u00e1lia, em Te\u00f3filo Otoni. As placas dos carros eram de Governador Valadares e Nova M\u00f3dica.<\/p>\n<p><img decoding=\"async\" src=\"http:\/\/aconteceunovale.com.br\/portal\/wp-content\/uploads\/2014\/06\/acidente_itambacuri_14_06_1.jpg\" alt=\"\" \/><\/p>\n<p><img decoding=\"async\" src=\"http:\/\/aconteceunovale.com.br\/portal\/wp-content\/uploads\/2014\/06\/acidente_itambacuri_14_06_2.jpg\" alt=\"\" \/><\/p>\n<p><em>(Inter TV dos Vales)<\/em><\/p>\n","protected":false},"excerpt":{"rendered":"<p>Acidente aconteceu na tarde desta sexta (13), no quil\u00f4metro 311 da BR-116. Motoristas foram levados em estado grave para o Hospital Santa Ros\u00e1lia, em Te\u00f3filo Otoni. Dois homens ficaram gravemente feridos em um acidente na tarde desta sexta-feira (13), no quil\u00f4metro 311 da BR-116, pr\u00f3ximo ao munic\u00edpio de Itambacuri, no Vale do Mucuri. Chovia na [&hellip;]<\/p>\n","protected":false},"author":1,"featured_media":31919,"comment_status":"open","ping_status":"closed","sticky":false,"template":"","format":"standard","meta":{"amp_status":"","footnotes":""},"categories":[121],"tags":[8986,8987,1018,247,188,304,164],"class_list":["post-31898","post","type-post","status-publish","format-standard","has-post-thumbnail","hentry","category-leste","tag-colisao-frontal-entre-dois-veiculos-deixa-duas-pessoas-feridas-na-br-116","tag-colisao-frontal-entre-dois-veiculos-deixa-duas-pessoas-feridas-proximo-a-itambacuri","tag-destaque","tag-governador-valadares","tag-itambacuri","tag-nova-modica","tag-teofilo-otoni"],"_links":{"self":[{"href":"https:\/\/aconteceunovale.com.br\/portal\/index.php?rest_route=\/wp\/v2\/posts\/31898","targetHints":{"allow":["GET"]}}],"collection":[{"href":"https:\/\/aconteceunovale.com.br\/portal\/index.php?rest_route=\/wp\/v2\/posts"}],"about":[{"href":"https:\/\/aconteceunovale.com.br\/portal\/index.php?rest_route=\/wp\/v2\/types\/post"}],"author":[{"embeddable":true,"href":"https:\/\/aconteceunovale.com.br\/portal\/index.php?rest_route=\/wp\/v2\/users\/1"}],"replies":[{"embeddable":true,"href":"https:\/\/aconteceunovale.com.br\/portal\/index.php?rest_route=%2Fwp%2Fv2%2Fcomments&post=31898"}],"version-history":[{"count":0,"href":"https:\/\/aconteceunovale.com.br\/portal\/index.php?rest_route=\/wp\/v2\/posts\/31898\/revisions"}],"wp:featuredmedia":[{"embeddable":true,"href":"https:\/\/aconteceunovale.com.br\/portal\/index.php?rest_route=\/wp\/v2\/media\/31919"}],"wp:attachment":[{"href":"https:\/\/aconteceunovale.com.br\/portal\/index.php?rest_route=%2Fwp%2Fv2%2Fmedia&parent=31898"}],"wp:term":[{"taxonomy":"category","embeddable":true,"href":"https:\/\/aconteceunovale.com.br\/portal\/index.php?rest_route=%2Fwp%2Fv2%2Fcategories&post=31898"},{"taxonomy":"post_tag","embeddable":true,"href":"https:\/\/aconteceunovale.com.br\/portal\/index.php?rest_route=%2Fwp%2Fv2%2Ftags&post=31898"}],"curies":[{"name":"wp","href":"https:\/\/api.w.org\/{rel}","templated":true}]}}