{"id":31894,"date":"2014-06-13T19:37:30","date_gmt":"2014-06-13T22:37:30","guid":{"rendered":"http:\/\/aconteceunovale.com.br\/portal\/?p=31894"},"modified":"2014-06-13T19:37:30","modified_gmt":"2014-06-13T22:37:30","slug":"policia-militar-prende-homem-suspeito-de-trafico-de-drogas-em-rubim","status":"publish","type":"post","link":"https:\/\/aconteceunovale.com.br\/portal\/?p=31894","title":{"rendered":"Pol\u00edcia Militar prende homem suspeito de tr\u00e1fico de drogas em Rubim"},"content":{"rendered":"<p>Um suspeito de tr\u00e1fico de drogas foi preso nesta quinta-feira, 12 de junho, em Rubim, no Vale do Jequitinhonha. De acordo com informa\u00e7\u00f5es da Pol\u00edcia Militar, ap\u00f3s uma den\u00fancia an\u00f4nima, o suspeito D.F.S, vulgo \u201cToquinho\u201d, de 27 anos, foi abordado na MG-406, rodovia que liga Almenara e Rubim. <\/p>\n<p>Ainda segundo a PM, quando a guarni\u00e7\u00e3o policial foi visualizada pelo suspeito, ele tentou fugir, mas foi contido. Com ele os policiais encontraram uma pedra de crack com aproximadamente 50 gramas.<\/p>\n<p>O autor foi preso em flagrante delito e encaminhado a Delegacia de Pol\u00edcia para demais provid\u00eancias.<\/p>\n<p><img decoding=\"async\" src=\"http:\/\/aconteceunovale.com.br\/portal\/wp-content\/uploads\/2014\/06\/preso_trafico_rubim_12_06.jpg\" alt=\"\" \/><em>(Foto: Wanderson Pereira \/ Pol\u00edcia Militar de Rubim)<\/em><\/p>\n","protected":false},"excerpt":{"rendered":"<p>Um suspeito de tr\u00e1fico de drogas foi preso nesta quinta-feira, 12 de junho, em Rubim, no Vale do Jequitinhonha. De acordo com informa\u00e7\u00f5es da Pol\u00edcia Militar, ap\u00f3s uma den\u00fancia an\u00f4nima, o suspeito D.F.S, vulgo \u201cToquinho\u201d, de 27 anos, foi abordado na MG-406, rodovia que liga Almenara e Rubim. Ainda segundo a PM, quando a guarni\u00e7\u00e3o [&hellip;]<\/p>\n","protected":false},"author":1,"featured_media":31896,"comment_status":"open","ping_status":"closed","sticky":false,"template":"","format":"standard","meta":{"amp_status":"","footnotes":""},"categories":[120],"tags":[142,1018,8985,407],"class_list":["post-31894","post","type-post","status-publish","format-standard","has-post-thumbnail","hentry","category-jequi","tag-almenara","tag-destaque","tag-policia-militar-prende-homem-suspeito-de-trafico-de-drogas-em-rubim","tag-rubim"],"_links":{"self":[{"href":"https:\/\/aconteceunovale.com.br\/portal\/index.php?rest_route=\/wp\/v2\/posts\/31894","targetHints":{"allow":["GET"]}}],"collection":[{"href":"https:\/\/aconteceunovale.com.br\/portal\/index.php?rest_route=\/wp\/v2\/posts"}],"about":[{"href":"https:\/\/aconteceunovale.com.br\/portal\/index.php?rest_route=\/wp\/v2\/types\/post"}],"author":[{"embeddable":true,"href":"https:\/\/aconteceunovale.com.br\/portal\/index.php?rest_route=\/wp\/v2\/users\/1"}],"replies":[{"embeddable":true,"href":"https:\/\/aconteceunovale.com.br\/portal\/index.php?rest_route=%2Fwp%2Fv2%2Fcomments&post=31894"}],"version-history":[{"count":0,"href":"https:\/\/aconteceunovale.com.br\/portal\/index.php?rest_route=\/wp\/v2\/posts\/31894\/revisions"}],"wp:featuredmedia":[{"embeddable":true,"href":"https:\/\/aconteceunovale.com.br\/portal\/index.php?rest_route=\/wp\/v2\/media\/31896"}],"wp:attachment":[{"href":"https:\/\/aconteceunovale.com.br\/portal\/index.php?rest_route=%2Fwp%2Fv2%2Fmedia&parent=31894"}],"wp:term":[{"taxonomy":"category","embeddable":true,"href":"https:\/\/aconteceunovale.com.br\/portal\/index.php?rest_route=%2Fwp%2Fv2%2Fcategories&post=31894"},{"taxonomy":"post_tag","embeddable":true,"href":"https:\/\/aconteceunovale.com.br\/portal\/index.php?rest_route=%2Fwp%2Fv2%2Ftags&post=31894"}],"curies":[{"name":"wp","href":"https:\/\/api.w.org\/{rel}","templated":true}]}}