{"id":31882,"date":"2014-06-13T18:30:52","date_gmt":"2014-06-13T21:30:52","guid":{"rendered":"http:\/\/aconteceunovale.com.br\/portal\/?p=31882"},"modified":"2014-06-13T19:25:25","modified_gmt":"2014-06-13T22:25:25","slug":"sob-para-79-o-numero-de-homicidios-registrados-no-ano-2014-em-governador-valadares","status":"publish","type":"post","link":"https:\/\/aconteceunovale.com.br\/portal\/?p=31882","title":{"rendered":"Pol\u00edcia j\u00e1 registrou 79 homic\u00eddios em Governador Valadares no ano 2014"},"content":{"rendered":"<p>\u201cSocorro, vou tomar uma facada!\u201d Apesar do apelo, um homem de 34 anos foi assassinado na noite desta quinta-feira (12), em Governador Valadares, no Leste de Minas Gerais. O crime aconteceu na Rua Itambacuri, no Bairro Nossa Senhora de Lourdes.<\/p>\n<p>De acordo com informa\u00e7\u00f5es que constam no Boletim de Ocorr\u00eancia, testemunhas disseram \u00e0 Pol\u00edcia Militar que a v\u00edtima teria discutido com outras pessoas e saiu correndo dizendo que seria morto.<\/p>\n<p>Ainda segundo as testemunhas, a v\u00edtima era seguida por um homem que gritava \u201ccad\u00ea o meu dinheiro?\u201d Na tentativa de fuga a v\u00edtima caiu, mas teria dito ao suspeito: \u201ceu vou te pagar\u201d. O suspeito puxou a v\u00edtima pela jaqueta e a atingiu com um golpe de faca e fugiu em seguida.<\/p>\n<p>Quando os bombeiros chegaram ao local, a v\u00edtima ainda estava viva, mas morreu assim que deu entrada no Hospital Municipal. O suspeito fugiu pela Rua B\u00e1rbara Heliodora e deixou alguns pertences em uma lixeira no final da rua. A pol\u00edcia segue em busca do suspeito.<\/p>\n<h4><strong>Bairro Turmalina<\/strong><\/h4>\n<p><img decoding=\"async\" src=\"http:\/\/aconteceunovale.com.br\/portal\/wp-content\/uploads\/2014\/06\/numero_79_gv_2014.jpg\" alt=\"\" \/><em>(Foto: Roberto Higino \/ Caso de Pol\u00edcia)<\/em><br \/>\n<\/br><\/p>\n<p>Na manh\u00e3 desta sexta-feira (13), o corpo de um homem de 25 anos, foi encontrado em um im\u00f3vel, na Rua Lagoa Santa, no Bairro Turmalina. Segundo a PM, a v\u00edtima j\u00e1 tinha passagens pela pol\u00edcia por tr\u00e1fico de drogas. A per\u00edcia compareceu ao local e constatou que a v\u00edtima foi morta a tiros.<\/p>\n<h4><strong>Rapaz baleado na ter\u00e7a-feira (10), morreu nesta quinta<\/strong><\/h4>\n<p>Morreu na manh\u00e3 de quinta-feira (12) o rapaz de 19 anos baleado na tarde desta ter\u00e7a-feira (10), em Governador Valadares. O jovem foi encontrado inconsciente, no Bairro Porto das Canoas, \u00e0s margens do Rio Doce, pr\u00f3ximo \u00e0 cadeia p\u00fablica.<\/p>\n<p>No local, a Pol\u00edcia Militar encontrou a v\u00edtima ca\u00edda no ch\u00e3o, com sangramento no rosto. Ela foi socorrida pelo Corpo de Bombeiros e encaminhada ao Hospital Municipal. Na institui\u00e7\u00e3o, os militares foram informados que a v\u00edtima apresentava uma perfura\u00e7\u00e3o no cr\u00e2nio.<\/p>\n<p>Ele permaneceu em coma desde que deu entrada na institui\u00e7\u00e3o, mas n\u00e3o resistiu e morreu, segundo informa\u00e7\u00f5es da assessoria de imprensa do hospital.<\/p>\n<h4><strong>N\u00fameros que assustam<\/strong><\/h4>\n<p>Com as tr\u00eas mortes registradas, subiu para 79 o n\u00famero de homic\u00eddios contabilizados em Governador Valadares apenas nos primeiros 164 dias deste ano. Em m\u00e9dia, um assassinato \u00e9 registrado a cada dois dias. Maio foi o m\u00eas mais violento do ano na cidade com 19 mortes consumadas. O n\u00famero foi tr\u00eas vezes maior que o mesmo m\u00eas de 2013. Em junho, seis homic\u00eddios j\u00e1 foram contabilizados.<\/p>\n<p><em><strong>(Inter TV dos Vales)<\/strong><\/em><\/p>\n","protected":false},"excerpt":{"rendered":"<p>\u201cSocorro, vou tomar uma facada!\u201d Apesar do apelo, um homem de 34 anos foi assassinado na noite desta quinta-feira (12), em Governador Valadares, no Leste de Minas Gerais. O crime aconteceu na Rua Itambacuri, no Bairro Nossa Senhora de Lourdes. De acordo com informa\u00e7\u00f5es que constam no Boletim de Ocorr\u00eancia, testemunhas disseram \u00e0 Pol\u00edcia Militar [&hellip;]<\/p>\n","protected":false},"author":1,"featured_media":31885,"comment_status":"open","ping_status":"closed","sticky":false,"template":"","format":"standard","meta":{"amp_status":"","footnotes":""},"categories":[121],"tags":[247,4167,8982,8984],"class_list":["post-31882","post","type-post","status-publish","format-standard","has-post-thumbnail","hentry","category-leste","tag-governador-valadares","tag-homicidios-em-governador-valadares","tag-numero-de-homicidios-registrados-em-governador-valadares","tag-policia-ja-registrou-79-homicidios-em-governador-valadares-no-ano-2014"],"_links":{"self":[{"href":"https:\/\/aconteceunovale.com.br\/portal\/index.php?rest_route=\/wp\/v2\/posts\/31882","targetHints":{"allow":["GET"]}}],"collection":[{"href":"https:\/\/aconteceunovale.com.br\/portal\/index.php?rest_route=\/wp\/v2\/posts"}],"about":[{"href":"https:\/\/aconteceunovale.com.br\/portal\/index.php?rest_route=\/wp\/v2\/types\/post"}],"author":[{"embeddable":true,"href":"https:\/\/aconteceunovale.com.br\/portal\/index.php?rest_route=\/wp\/v2\/users\/1"}],"replies":[{"embeddable":true,"href":"https:\/\/aconteceunovale.com.br\/portal\/index.php?rest_route=%2Fwp%2Fv2%2Fcomments&post=31882"}],"version-history":[{"count":0,"href":"https:\/\/aconteceunovale.com.br\/portal\/index.php?rest_route=\/wp\/v2\/posts\/31882\/revisions"}],"wp:featuredmedia":[{"embeddable":true,"href":"https:\/\/aconteceunovale.com.br\/portal\/index.php?rest_route=\/wp\/v2\/media\/31885"}],"wp:attachment":[{"href":"https:\/\/aconteceunovale.com.br\/portal\/index.php?rest_route=%2Fwp%2Fv2%2Fmedia&parent=31882"}],"wp:term":[{"taxonomy":"category","embeddable":true,"href":"https:\/\/aconteceunovale.com.br\/portal\/index.php?rest_route=%2Fwp%2Fv2%2Fcategories&post=31882"},{"taxonomy":"post_tag","embeddable":true,"href":"https:\/\/aconteceunovale.com.br\/portal\/index.php?rest_route=%2Fwp%2Fv2%2Ftags&post=31882"}],"curies":[{"name":"wp","href":"https:\/\/api.w.org\/{rel}","templated":true}]}}