{"id":31791,"date":"2014-06-11T21:21:29","date_gmt":"2014-06-12T00:21:29","guid":{"rendered":"http:\/\/aconteceunovale.com.br\/portal\/?p=31791"},"modified":"2014-06-11T21:21:29","modified_gmt":"2014-06-12T00:21:29","slug":"azul-inicia-operacao-com-voos-entre-governador-valadares-e-aeroporto-de-confins","status":"publish","type":"post","link":"https:\/\/aconteceunovale.com.br\/portal\/?p=31791","title":{"rendered":"Azul inicia opera\u00e7\u00e3o com voos entre Governador Valadares e Aeroporto de Confins"},"content":{"rendered":"<p>A cidade de Valadares, no Leste de Minas Gerais, ganhou mais uma rota a\u00e9rea para a capital, Belo Horizonte. A Azul Linhas A\u00e9reas iniciou na \u00faltima semana a opera\u00e7\u00e3o com voos entre Governador Valadares e Belo Horizonte, com pouso no Aeroporto Internacional Tancredo Neves, conhecido como Confins. Valadares j\u00e1 contava com voos da companhia com destino ao Aeroporto da Pampulha.<\/p>\n<p>Al\u00e9m de oferecer mais uma op\u00e7\u00e3o para a capital mineira, a Azul come\u00e7ou a operar no Aeroporto Coronel Altino Machado, de Valadares, com as aeronaves modelo ATR 72-600, que transporta 70 passageiros, aumentando a oferta de lugares nos voos entre Valadares e Belo Horizonte.<\/p>\n<p>Segundo a Azul Linhas A\u00e9reas, a presen\u00e7a do ATR 72-600 em Governador Valadares tornou-se poss\u00edvel depois da chegada de um novo caminh\u00e3o do Corpo de Bombeiros, enviado pelo Governo de Minas, para ser usado no aeroporto. \u201cEssas novidades permitem maior seguran\u00e7a em nossas opera\u00e7\u00f5es e possibilitam que aeronaves maiores possam chegar \u00e0 cidade. A iniciativa de ofertar mais assentos em Governador Valadares tamb\u00e9m se deve \u00e0 alta demanda observada na regi\u00e3o\u201d, afirma Marcelo Bento, diretor de Planejamento e Alian\u00e7as da Azul.<\/p>\n<p>Em Belo Horizonte, no aeroporto de Confins, passageiros que saem de Governador Valadares encontram conex\u00f5es para Bras\u00edlia, Curitiba, S\u00e3o Paulo (Guarulhos), Goi\u00e2nia, Imperatriz, Ipatinga, Juiz de Fora (Zona da Mata), Porto Alegre, Rio de Janeiro (Santos Dumont), Vit\u00f3ria e Campinas \u2014 neste, segundo a Azul, h\u00e1 oferta de liga\u00e7\u00f5es para mais de 50 destinos em todo o Brasil.<\/p>\n<p>O voos entre Belo Horizonte, saindo de Confins, para Valadares acontecem de domingo a sexta-feira, com sa\u00edda da Capital \u00e0s 17h20 e pouso em Valadares \u00e0s 18h25. Nesses mesmos dias os voos saem de Valadares \u00e0s 19h10 com chegada \u00e0s 20h15 em Belo Horizonte.<\/p>\n<p><img decoding=\"async\" src=\"http:\/\/aconteceunovale.com.br\/portal\/wp-content\/uploads\/2014\/06\/azul_gv_confis_inica.jpg\" alt=\"\" \/><em>A aeronave ATR 72-600 possibilita o transporte de at\u00e9 70 passageiros e j\u00e1 est\u00e1 em opera\u00e7\u00e3o entre Valadares e Belo Horizonte (Confins) &#8211; Foto: Divulga\u00e7\u00e3o<\/em><br \/>\n<\/br><\/p>\n<p><strong>(Di\u00e1rio do Rio Doce)<\/strong><\/p>\n","protected":false},"excerpt":{"rendered":"<p>A cidade de Valadares, no Leste de Minas Gerais, ganhou mais uma rota a\u00e9rea para a capital, Belo Horizonte. A Azul Linhas A\u00e9reas iniciou na \u00faltima semana a opera\u00e7\u00e3o com voos entre Governador Valadares e Belo Horizonte, com pouso no Aeroporto Internacional Tancredo Neves, conhecido como Confins. Valadares j\u00e1 contava com voos da companhia com [&hellip;]<\/p>\n","protected":false},"author":1,"featured_media":31792,"comment_status":"open","ping_status":"closed","sticky":false,"template":"","format":"standard","meta":{"amp_status":"","footnotes":""},"categories":[121],"tags":[8918,1018,247,8920,8919],"class_list":["post-31791","post","type-post","status-publish","format-standard","has-post-thumbnail","hentry","category-leste","tag-azul-inicia-operacao-com-voos-entre-governador-valadares-e-aeroporto-de-confins","tag-destaque","tag-governador-valadares","tag-voos-de-confins-para-governador-valadares","tag-voos-de-governador-valadares-para-confins"],"_links":{"self":[{"href":"https:\/\/aconteceunovale.com.br\/portal\/index.php?rest_route=\/wp\/v2\/posts\/31791","targetHints":{"allow":["GET"]}}],"collection":[{"href":"https:\/\/aconteceunovale.com.br\/portal\/index.php?rest_route=\/wp\/v2\/posts"}],"about":[{"href":"https:\/\/aconteceunovale.com.br\/portal\/index.php?rest_route=\/wp\/v2\/types\/post"}],"author":[{"embeddable":true,"href":"https:\/\/aconteceunovale.com.br\/portal\/index.php?rest_route=\/wp\/v2\/users\/1"}],"replies":[{"embeddable":true,"href":"https:\/\/aconteceunovale.com.br\/portal\/index.php?rest_route=%2Fwp%2Fv2%2Fcomments&post=31791"}],"version-history":[{"count":0,"href":"https:\/\/aconteceunovale.com.br\/portal\/index.php?rest_route=\/wp\/v2\/posts\/31791\/revisions"}],"wp:featuredmedia":[{"embeddable":true,"href":"https:\/\/aconteceunovale.com.br\/portal\/index.php?rest_route=\/wp\/v2\/media\/31792"}],"wp:attachment":[{"href":"https:\/\/aconteceunovale.com.br\/portal\/index.php?rest_route=%2Fwp%2Fv2%2Fmedia&parent=31791"}],"wp:term":[{"taxonomy":"category","embeddable":true,"href":"https:\/\/aconteceunovale.com.br\/portal\/index.php?rest_route=%2Fwp%2Fv2%2Fcategories&post=31791"},{"taxonomy":"post_tag","embeddable":true,"href":"https:\/\/aconteceunovale.com.br\/portal\/index.php?rest_route=%2Fwp%2Fv2%2Ftags&post=31791"}],"curies":[{"name":"wp","href":"https:\/\/api.w.org\/{rel}","templated":true}]}}