{"id":31784,"date":"2014-06-11T19:41:40","date_gmt":"2014-06-11T22:41:40","guid":{"rendered":"http:\/\/aconteceunovale.com.br\/portal\/?p=31784"},"modified":"2014-06-12T16:05:09","modified_gmt":"2014-06-12T19:05:09","slug":"policia-recupera-33-geladeiras-furtadas-do-projeto-conviver-da-cemig-em-governador-valadares","status":"publish","type":"post","link":"https:\/\/aconteceunovale.com.br\/portal\/?p=31784","title":{"rendered":"Pol\u00edcia recupera 33 geladeiras furtadas do projeto Conviver da Cemig em Governador Valadares"},"content":{"rendered":"<p>A Pol\u00edcia Civil de Governador Valadares, no Leste de Minas Gerais investiga o furto de 67 geladeiras no Distrito Industrial da cidade. Oito pessoas foram indiciadas e ouvidas. O crime aconteceu porque um funcion\u00e1rio do im\u00f3vel teria facilitado a entrada de criminosos onde os eletrodom\u00e9sticos ficavam.<\/p>\n<p>\u201cUm dos vigilantes facilitou o furto e todos eles ocorreram nos finais de semana que ele trabalhava l\u00e1. Ele se associou com outras pessoas e por meio de alguns ve\u00edculos, colocavam as geladeiras nesses ve\u00edculos e subtra\u00edram da empresa. Ele [vigia] vendia cada geladeira por R$ 300 e a pessoa revendia por outro valor. Os produtos eram negociados tamb\u00e9m por uma rede social\u201d, esclareceu a delegada respons\u00e1vel pelo caso,  Luciana Lib\u00f3rio.<\/p>\n<p><img decoding=\"async\" src=\"http:\/\/aconteceunovale.com.br\/portal\/wp-content\/uploads\/2014\/06\/geladeiras_gv.jpg\" alt=\"\" \/><em><strong>As geladeiras recuperadas foram levadas para a delegacia de Governador Valadares (Foto: Diego Souza\/G1)<\/strong><\/em><br \/>\n<\/br><\/p>\n<p>As geladeiras fazem parte do projeto Conviver, criado para atender os clientes da Companhia Energ\u00e9tica de Minas Gerais (Cemig) de comunidades populares. O objetivo do projeto \u00e9 ajudar fam\u00edlias que possuem o benef\u00edcio da Tarifa Social e reduzir o desperd\u00edcio de energia el\u00e9trica e adequar a conta a sua capacidade econ\u00f4mica.<\/p>\n<p>\u201cA pol\u00edcia civil iniciou as investiga\u00e7\u00f5es e atualmente o inqu\u00e9rito policial j\u00e1 localizou e identificou os autores, s\u00e3o oito respons\u00e1veis. Ainda estamos realizando as investiga\u00e7\u00f5es porque durante o depoimento de algumas pessoas que compraram os produtos, h\u00e1 possibilidade de novas autorias serem descobertas. Os autores j\u00e1 apurados ser\u00e3o indiciados e as pessoas que forem trazendo as geladeiras v\u00e3o ser ouvidas e se novos autores forem descobertos tamb\u00e9m ser\u00e3o\u201d, explicou.<\/p>\n<p>Das 67 geladeiras furtadas, a pol\u00edcia recuperou 33 unidades. Os produtos foram furtados em um galp\u00e3o em maio deste ano. Na ocasi\u00e3o n\u00e3o houve pris\u00e3o em flagrante, mas quase 20 dias depois da a\u00e7\u00e3o, um grupo de pessoas foi indiciado. As investiga\u00e7\u00f5es tiveram in\u00edcio h\u00e1 15 dias. As geladeiras eram vendidas em um site de compras, por um pre\u00e7o bem abaixo do que \u00e9 comercializado no mercado.<\/p>\n<h4><strong>Foragido<\/strong><\/h4>\n<p>Ainda segundo a delegada, um dos suspeitos de participar do esquema est\u00e1 foragido. Contra ele existe um mandado de pris\u00e3o em aberto por suspeita de explodir no ano passado um caixa eletr\u00f4nico, no munic\u00edpio de Marilac.<\/p>\n<p>A pol\u00edcia orienta que as pessoas procurem a delegacia para devolver os eletrodom\u00e9sticos comprados. De acordo com a delegada Luciana Lib\u00f3rio, elas n\u00e3o ser\u00e3o indiciadas. \u201cOs que adquiriram essas geladeiras sem notas fiscais, procurem a Pol\u00edcia Civil para ser feita a devolu\u00e7\u00e3o. N\u00f3s entendemos que algumas compras foram feitas em um site de compra coletiva, na internet e algumas pessoas realmente compraram de boa f\u00e9. Ent\u00e3o, n\u00e3o tenham medo, procurem a Pol\u00edcia Civil e devolvam as geladeiras que s\u00e3o produtos de crime\u201d, finaliza.<\/p>\n<p><em><strong>(Fonte: Inter TV \/ G1)<\/strong><\/em><\/p>\n","protected":false},"excerpt":{"rendered":"<p>A Pol\u00edcia Civil de Governador Valadares, no Leste de Minas Gerais investiga o furto de 67 geladeiras no Distrito Industrial da cidade. Oito pessoas foram indiciadas e ouvidas. O crime aconteceu porque um funcion\u00e1rio do im\u00f3vel teria facilitado a entrada de criminosos onde os eletrodom\u00e9sticos ficavam. \u201cUm dos vigilantes facilitou o furto e todos eles [&hellip;]<\/p>\n","protected":false},"author":1,"featured_media":31785,"comment_status":"open","ping_status":"closed","sticky":false,"template":"","format":"standard","meta":{"amp_status":"","footnotes":""},"categories":[121],"tags":[347,1018,247,300,131,8916],"class_list":["post-31784","post","type-post","status-publish","format-standard","has-post-thumbnail","hentry","category-leste","tag-cemig","tag-destaque","tag-governador-valadares","tag-marilac","tag-minas-gerais","tag-policia-recupera-33-geladeiras-furtadas-do-projeto-conviver-da-cemig-em-governador-valadares"],"_links":{"self":[{"href":"https:\/\/aconteceunovale.com.br\/portal\/index.php?rest_route=\/wp\/v2\/posts\/31784","targetHints":{"allow":["GET"]}}],"collection":[{"href":"https:\/\/aconteceunovale.com.br\/portal\/index.php?rest_route=\/wp\/v2\/posts"}],"about":[{"href":"https:\/\/aconteceunovale.com.br\/portal\/index.php?rest_route=\/wp\/v2\/types\/post"}],"author":[{"embeddable":true,"href":"https:\/\/aconteceunovale.com.br\/portal\/index.php?rest_route=\/wp\/v2\/users\/1"}],"replies":[{"embeddable":true,"href":"https:\/\/aconteceunovale.com.br\/portal\/index.php?rest_route=%2Fwp%2Fv2%2Fcomments&post=31784"}],"version-history":[{"count":0,"href":"https:\/\/aconteceunovale.com.br\/portal\/index.php?rest_route=\/wp\/v2\/posts\/31784\/revisions"}],"wp:featuredmedia":[{"embeddable":true,"href":"https:\/\/aconteceunovale.com.br\/portal\/index.php?rest_route=\/wp\/v2\/media\/31785"}],"wp:attachment":[{"href":"https:\/\/aconteceunovale.com.br\/portal\/index.php?rest_route=%2Fwp%2Fv2%2Fmedia&parent=31784"}],"wp:term":[{"taxonomy":"category","embeddable":true,"href":"https:\/\/aconteceunovale.com.br\/portal\/index.php?rest_route=%2Fwp%2Fv2%2Fcategories&post=31784"},{"taxonomy":"post_tag","embeddable":true,"href":"https:\/\/aconteceunovale.com.br\/portal\/index.php?rest_route=%2Fwp%2Fv2%2Ftags&post=31784"}],"curies":[{"name":"wp","href":"https:\/\/api.w.org\/{rel}","templated":true}]}}