{"id":31754,"date":"2014-06-11T13:27:49","date_gmt":"2014-06-11T16:27:49","guid":{"rendered":"http:\/\/aconteceunovale.com.br\/portal\/?p=31754"},"modified":"2014-06-11T13:28:11","modified_gmt":"2014-06-11T16:28:11","slug":"policia-apresenta-9-suspeitos-de-participacao-em-homicidios-em-montes-claros","status":"publish","type":"post","link":"https:\/\/aconteceunovale.com.br\/portal\/?p=31754","title":{"rendered":"Pol\u00edcia apresenta 9 suspeitos de participa\u00e7\u00e3o em homic\u00eddios em Montes Claros"},"content":{"rendered":"<p>A Pol\u00edcia Civil de Montes Claros (MG) apresentou, nesta quarta-feira (11), nove suspeitos de tr\u00eas assassinatos ocorridos em fevereiro, mar\u00e7o e abril de 2014. Seis pessoas est\u00e3o foragidas e h\u00e1 ordem judicial para a interna\u00e7\u00e3o para tr\u00eas menores.<\/p>\n<p>Segundo o delegado de homic\u00eddios Bruno Rezende, neste ano foram contabilizados 36 crimes, em 2013 foram 44, 20% a menos do que em 2013. Apesar da queda, ele considera o \u00edndice alto e diz que &#8220;a pol\u00edcia objetiva que a redu\u00e7\u00e3o repercuta durante todo o ano, j\u00e1 que a diminui\u00e7\u00e3o por m\u00eas \u00e9 sazonal e virtual e n\u00e3o reflete a viol\u00eancia que ocorre no dia a dia.&#8221;<\/p>\n<p>Bruno Rezende destaca que os crimes, em maioria, t\u00eam rela\u00e7\u00e3o com o tr\u00e1fico de drogas e est\u00e3o ligados com a disputa entre gangues. O delegado ainda afirma que alguns dos assassinatos s\u00e3o cometidos em retalia\u00e7\u00e3o \u00e0 mortes anteriores, ele cita como exemplos os dois homic\u00eddios ocorridos no domingo (8).<\/p>\n<p><img decoding=\"async\" src=\"http:\/\/aconteceunovale.com.br\/portal\/wp-content\/uploads\/2014\/06\/suspeitos_moc_11_6_1.jpg\" alt=\"\" \/><em>Suspeitos de homic\u00eddio foram apresentados nesta quarta (Foto: Michelly Oda \/ G1)<\/em><br \/>\n<\/br><\/p>\n<h4><strong>Homic\u00eddio no Novo Delfino<\/strong><\/h4>\n<p>Am\u00e9rico Santos Barbosa, de 22 anos, Carlos de Souza Guerra, de 28 anos, e Alexandro Gon\u00e7alves, de 30 anos, foram presos pelo homic\u00eddio de Gilmaicon Oliveira Xavier, no Novo Delfino, no dia 15 de fevereiro. Est\u00e3o foragidos Fabr\u00edcio Fernandes e Hubert Rafael Soares.<\/p>\n<p>Segundo as investiga\u00e7\u00f5es da delegacia de homic\u00eddios, tanto a v\u00edtima, de 22 anos, quanto os suspeitos t\u00eam passagens por tr\u00e1fico de drogas. Eles atuavam no com\u00e9rcio de entorpecentes na regi\u00e3o do Bairro Vila An\u00e1lia. <\/p>\n<h4><strong>Homic\u00eddio no Santo Expedito<\/strong><\/h4>\n<p>Um dos assassinatos de maior repercuss\u00e3o foi o de Evair Ribeiro Lopes, que n\u00e3o tinha passagens pela pol\u00edcia e foi morto enquanto trabalhava em uma loja de pneus. V\u00e1rias manifesta\u00e7\u00f5es contra a viol\u00eancia foram realizadas em Montes Claros, ap\u00f3s a morte do rapaz.<\/p>\n<p>De acordo com o delegado de homic\u00eddios, um adolescente viu tr\u00eas homens entrando no local para fazer um servi\u00e7o de manuten\u00e7\u00e3o de um ve\u00edculo e acionou os comparsas.<\/p>\n<p>As investiga\u00e7\u00f5es apontam que a din\u00e2mica do crime foi planejada. Bruno Rezende explica que &#8220;uma log\u00edstica elaborada foi providenciada&#8221;. Enquanto as armas eram levadas em um carro, os atiradores seguiam de moto por diferentes trajetos, para n\u00e3o levantar suspeitas. Tr\u00eas, sendo dois menores de idade, entraram no estabelecimento e atiraram, matando um Evair Lopes.<\/p>\n<p>&#8220;Podemos perceber a aud\u00e1cia dos criminosos, que motivados por disputas de tr\u00e1fico e de gangues rivais, entraram em um local onde estavam pessoas comuns, com risco de assassina-las de forma impiedosa&#8221;, diz Rezende.<\/p>\n<p>Al\u00e9m do funcion\u00e1rio da loja, os criminosos atiraram em Wellington de Souza Cardozo, de 22 anos, que tem passagem por homic\u00eddio, e Luiz Fernando Santos, de 23, que acabou morrendo no hospital. O terceiro alvo era Ewerton Oliveira Santos, que saiu ileso, mas acabou morrendo depois de um acidente de tr\u00e2nsito, depois de desrespeitar a ordem de parada da pol\u00edcia e bater com a moto em muro de uma casa. Ele tamb\u00e9m tem um registro na pol\u00edcia por tentativa de homic\u00eddio.<\/p>\n<p>Neste caso, a pol\u00edcia descobriu que quatro menores entre 14 e 17 anso estavam envolvidos. Um deles est\u00e1 internado e h\u00e1 ordem da Justi\u00e7a autorizando a interna\u00e7\u00e3o dos outros tr\u00eas. No decorrer das investiga\u00e7\u00f5es tr\u00eas armas foram apreendidas, a Pol\u00edcia Civil aguarda os resultados do teste de bal\u00edstica para descobrir se foram as utilizadas no crime.<\/p>\n<p>Foram presos Marcelo Cardoso, de 20 anos, Thiago Duarte dos Santos, de 24, Tiago Moreira, de 27, Alofison Fabiano Maciel, de 27 e Fernando Alves, de 29, sendo que os \u00faltimos tr\u00eas j\u00e1 t\u00eam passagens por homic\u00eddio.<\/p>\n<p>Est\u00e3o foragidos Thiago Soares Souza, de 19 anos, Waldenilson Silva de Jesus, de 21, e Fernando Alves de Souza, de 29, que emprestou as armas que foram usadas no crime.<\/p>\n<h4><strong>Homic\u00eddio no Cintra<\/strong><\/h4>\n<p>A pol\u00edcia tamb\u00e9m apresentou Vinicius Alexandre Viera de 19 anos foi preso pelo assassinato de Alef Alexandre Dias Maciel, ocorrido em 5 de abril, na Rua Jos\u00e9 Soares de Paula. Est\u00e3o foragidos Dener Rodrigues, que tem passagem por tentativa de homic\u00eddio, e era irm\u00e3o da v\u00edtima por parte de pai, e Rodrigo Adones dos Santos.<\/p>\n<p>De acordo com a pol\u00edcia, os suspeitos iriam cometer um assalto e viram Alef Alexandre Vieira, eles retornaram e mataram o rapaz.<\/p>\n<h4><strong>Sobre os policiais v\u00edtimas de latroc\u00ednio<\/strong><\/h4>\n<p>Durante a apresenta\u00e7\u00e3o de presos o delegado Bruno Rezende e o tenente Rodrigo Barboza, da Pol\u00edcia Militar, falaram tamb\u00e9m sobre as mortes de policiais reformados, um fazia a seguran\u00e7a de um carro que transportava dinheiro de um posto de combust\u00edveis e o outro fazia a seguran\u00e7a de um comerciante. Os dois foram mortos por assaltantes. Outro militar tamb\u00e9m ficou ferido durante um roubo neste ano.<\/p>\n<p>&#8220;S\u00e3o casos lament\u00e1veis, s\u00e3o tr\u00eas casos tendo militares como v\u00edtimas, no primeiro o policial ficou ferido e parapl\u00e9gico, e nos dois \u00faltimos acabaram morrendo. Foi montada uma for\u00e7a tarefa entre as delegacias e a Pol\u00edcia Militar com o apoio do Minist\u00e9rio P\u00fablico e do Judici\u00e1rio para capturar os autores desses crimes&#8221;, fala o tenente Rodrigo Barboza.<\/p>\n<p>O delegado de homic\u00eddios explica que estes casos n\u00e3o ficam a cargo da delegacia especializada por se enquadrarem em crimes contra o patrim\u00f4nio, mas h\u00e1 um empenho entre todas os policiais para que os casos sejam apurados e os culpados punidos. <\/p>\n<h4><strong>Caso da Vila Mauriceia<\/strong><\/h4>\n<p>O tenente Rodrigo Barboza falou tamb\u00e9m sobre a apura\u00e7\u00e3o de uma ocorr\u00eancia na qual um rapaz teve les\u00e3o corporal seguida de morte. Familiares procuraram pela pol\u00edcia e disseram que as agress\u00f5es teriam sido cometidas por policiais militares.<\/p>\n<p>O tenente disse que foi aberto um inqu\u00e9rito para investigar o caso e um procedimento administrativo, junto \u00e0 corregedoria da PM tamb\u00e9m foi instaurado, para apurar se algum militar teve envolvimento com o caso.<\/p>\n<p><img decoding=\"async\" src=\"http:\/\/aconteceunovale.com.br\/portal\/wp-content\/uploads\/2014\/06\/suspeitos_moc_11_6_2.jpg\" alt=\"\" \/><em>Investigadores, delegado e militar participaram de coletiva com a imprensa (Foto: Michelly Oda \/ G1)<\/em><br \/>\n<\/br><\/p>\n<p><strong>(Fonte: Inter TV Grande Minas)<\/strong><\/p>\n","protected":false},"excerpt":{"rendered":"<p>A Pol\u00edcia Civil de Montes Claros (MG) apresentou, nesta quarta-feira (11), nove suspeitos de tr\u00eas assassinatos ocorridos em fevereiro, mar\u00e7o e abril de 2014. Seis pessoas est\u00e3o foragidas e h\u00e1 ordem judicial para a interna\u00e7\u00e3o para tr\u00eas menores. Segundo o delegado de homic\u00eddios Bruno Rezende, neste ano foram contabilizados 36 crimes, em 2013 foram 44, [&hellip;]<\/p>\n","protected":false},"author":1,"featured_media":31755,"comment_status":"open","ping_status":"closed","sticky":false,"template":"","format":"standard","meta":{"amp_status":"","footnotes":""},"categories":[1236],"tags":[1018,8896,210,8895,8894,8897],"class_list":["post-31754","post","type-post","status-publish","format-standard","has-post-thumbnail","hentry","category-norte_de_minas","tag-destaque","tag-homicidios-em-montes-claros","tag-montes-claros","tag-policia-apresenta-9-suspeitos-de-participacao-em-homicidios-em-montes-claros","tag-policia-civil-apresenta-9-suspeitos-de-participacao-em-homicidios-em-montes-claros","tag-suspeitos-de-homicidios-em-montes-claros"],"_links":{"self":[{"href":"https:\/\/aconteceunovale.com.br\/portal\/index.php?rest_route=\/wp\/v2\/posts\/31754","targetHints":{"allow":["GET"]}}],"collection":[{"href":"https:\/\/aconteceunovale.com.br\/portal\/index.php?rest_route=\/wp\/v2\/posts"}],"about":[{"href":"https:\/\/aconteceunovale.com.br\/portal\/index.php?rest_route=\/wp\/v2\/types\/post"}],"author":[{"embeddable":true,"href":"https:\/\/aconteceunovale.com.br\/portal\/index.php?rest_route=\/wp\/v2\/users\/1"}],"replies":[{"embeddable":true,"href":"https:\/\/aconteceunovale.com.br\/portal\/index.php?rest_route=%2Fwp%2Fv2%2Fcomments&post=31754"}],"version-history":[{"count":0,"href":"https:\/\/aconteceunovale.com.br\/portal\/index.php?rest_route=\/wp\/v2\/posts\/31754\/revisions"}],"wp:featuredmedia":[{"embeddable":true,"href":"https:\/\/aconteceunovale.com.br\/portal\/index.php?rest_route=\/wp\/v2\/media\/31755"}],"wp:attachment":[{"href":"https:\/\/aconteceunovale.com.br\/portal\/index.php?rest_route=%2Fwp%2Fv2%2Fmedia&parent=31754"}],"wp:term":[{"taxonomy":"category","embeddable":true,"href":"https:\/\/aconteceunovale.com.br\/portal\/index.php?rest_route=%2Fwp%2Fv2%2Fcategories&post=31754"},{"taxonomy":"post_tag","embeddable":true,"href":"https:\/\/aconteceunovale.com.br\/portal\/index.php?rest_route=%2Fwp%2Fv2%2Ftags&post=31754"}],"curies":[{"name":"wp","href":"https:\/\/api.w.org\/{rel}","templated":true}]}}