{"id":31748,"date":"2014-06-11T13:14:46","date_gmt":"2014-06-11T16:14:46","guid":{"rendered":"http:\/\/aconteceunovale.com.br\/portal\/?p=31748"},"modified":"2014-06-11T13:14:46","modified_gmt":"2014-06-11T16:14:46","slug":"motorista-fica-ferido-em-acidente-no-municipio-de-novo-cruzeiro","status":"publish","type":"post","link":"https:\/\/aconteceunovale.com.br\/portal\/?p=31748","title":{"rendered":"Motorista fica ferido em acidente no munic\u00edpio de Novo Cruzeiro"},"content":{"rendered":"<p>Um motorista ficou ferido na tarde de ontem, 10 de junho, no distrito de Queixada, no munic\u00edpio de Novo Cruzeiro, no Vale do Jequitinhonha.<\/p>\n<p>De acordo com informa\u00e7\u00f5es, o condutor de uma carreta, que presta servi\u00e7o para a empresa Aracruz Biomassa Renov\u00e1vel, perdeu o controle do ve\u00edculo que capotou pr\u00f3ximo a Fazenda Caititu. O motorista relatou que a carreta apresentou problemas nos freios, dificultando a condu\u00e7\u00e3o.<\/p>\n<p>Com o capotamento, o motorista sofreu v\u00e1rias escoria\u00e7\u00f5es pelo corpo, sendo socorrido e encaminhado para a Unidade B\u00e1sica de Sa\u00fade do distrito de Queixada.<\/p>\n<p><img decoding=\"async\" src=\"http:\/\/aconteceunovale.com.br\/portal\/wp-content\/uploads\/2014\/06\/acidente_carreta_nc_11_06_3.jpg\" alt=\"\" \/><br \/>\n<img decoding=\"async\" src=\"http:\/\/aconteceunovale.com.br\/portal\/wp-content\/uploads\/2014\/06\/acidente_carreta_nc_11_06_1.jpg\" alt=\"\" \/><br \/>\n<img decoding=\"async\" src=\"http:\/\/aconteceunovale.com.br\/portal\/wp-content\/uploads\/2014\/06\/acidente_carreta_nc_11_06_2.jpg\" alt=\"\" \/><\/p>\n<p><em><strong>(Fotos: Esta\u00e7\u00e3o Novo Cruzeiro)<\/strong><\/em><\/p>\n","protected":false},"excerpt":{"rendered":"<p>Um motorista ficou ferido na tarde de ontem, 10 de junho, no distrito de Queixada, no munic\u00edpio de Novo Cruzeiro, no Vale do Jequitinhonha. De acordo com informa\u00e7\u00f5es, o condutor de uma carreta, que presta servi\u00e7o para a empresa Aracruz Biomassa Renov\u00e1vel, perdeu o controle do ve\u00edculo que capotou pr\u00f3ximo a Fazenda Caititu. O motorista [&hellip;]<\/p>\n","protected":false},"author":1,"featured_media":31751,"comment_status":"open","ping_status":"closed","sticky":false,"template":"","format":"standard","meta":{"amp_status":"","footnotes":""},"categories":[120],"tags":[8892,8893,1018,8891,175],"class_list":["post-31748","post","type-post","status-publish","format-standard","has-post-thumbnail","hentry","category-jequi","tag-acidade-com-carreta-da-aracruz-biomassa-renovavel","tag-acidente-com-carreta-na-zona-rural-de-novo-cruzeiro","tag-destaque","tag-motorista-fica-ferido-em-acidente-no-municipio-de-novo-cruzeiro","tag-novo-cruzeiro"],"_links":{"self":[{"href":"https:\/\/aconteceunovale.com.br\/portal\/index.php?rest_route=\/wp\/v2\/posts\/31748","targetHints":{"allow":["GET"]}}],"collection":[{"href":"https:\/\/aconteceunovale.com.br\/portal\/index.php?rest_route=\/wp\/v2\/posts"}],"about":[{"href":"https:\/\/aconteceunovale.com.br\/portal\/index.php?rest_route=\/wp\/v2\/types\/post"}],"author":[{"embeddable":true,"href":"https:\/\/aconteceunovale.com.br\/portal\/index.php?rest_route=\/wp\/v2\/users\/1"}],"replies":[{"embeddable":true,"href":"https:\/\/aconteceunovale.com.br\/portal\/index.php?rest_route=%2Fwp%2Fv2%2Fcomments&post=31748"}],"version-history":[{"count":0,"href":"https:\/\/aconteceunovale.com.br\/portal\/index.php?rest_route=\/wp\/v2\/posts\/31748\/revisions"}],"wp:featuredmedia":[{"embeddable":true,"href":"https:\/\/aconteceunovale.com.br\/portal\/index.php?rest_route=\/wp\/v2\/media\/31751"}],"wp:attachment":[{"href":"https:\/\/aconteceunovale.com.br\/portal\/index.php?rest_route=%2Fwp%2Fv2%2Fmedia&parent=31748"}],"wp:term":[{"taxonomy":"category","embeddable":true,"href":"https:\/\/aconteceunovale.com.br\/portal\/index.php?rest_route=%2Fwp%2Fv2%2Fcategories&post=31748"},{"taxonomy":"post_tag","embeddable":true,"href":"https:\/\/aconteceunovale.com.br\/portal\/index.php?rest_route=%2Fwp%2Fv2%2Ftags&post=31748"}],"curies":[{"name":"wp","href":"https:\/\/api.w.org\/{rel}","templated":true}]}}