{"id":31704,"date":"2014-06-10T23:28:43","date_gmt":"2014-06-11T02:28:43","guid":{"rendered":"http:\/\/aconteceunovale.com.br\/portal\/?p=31704"},"modified":"2014-06-10T23:28:43","modified_gmt":"2014-06-11T02:28:43","slug":"comerciante-de-fogos-de-artificios-e-detido-apos-incendio-que-deixou-duas-pessoas-feridas-em-janauba","status":"publish","type":"post","link":"https:\/\/aconteceunovale.com.br\/portal\/?p=31704","title":{"rendered":"Comerciante de fogos de artif\u00edcios \u00e9 detido ap\u00f3s inc\u00eandio que deixou duas pessoas feridas em Jana\u00faba"},"content":{"rendered":"<p>O dono de uma barraca de fogos de artif\u00edcios de Jana\u00faba, no Norte do Estado, foi conduzido para a Delegacia da Pol\u00edcia Civil da cidade ap\u00f3s explos\u00f5es de artefatos no seu com\u00e9rcio. A s\u00e9rie de explos\u00f5es, na noite de segunda-feira (9), gerou um inc\u00eandio e deixou duas funcion\u00e1rias feridas. O homem foi detido por n\u00e3o apresentar uma autoriza\u00e7\u00e3o para a comercializa\u00e7\u00e3o dos fogos de artif\u00edcios.<\/p>\n<p>Conforme informa\u00e7\u00f5es do Corpo de Bombeiros da cidade, o dono da barraca, localizada em frente a um supermercado da avenida Engenheiro Manoel Ata\u00edde, acendeu um artefato para testar o produto. No entanto, o fogo de artif\u00edcio aceso caiu dentro de uma caixa da mercadoria e deu in\u00edcio ao inc\u00eandio.<\/p>\n<p>Duas funcion\u00e1rias do local ficaram feridas e precisaram ser socorridas pelos bombeiros para o Hospital Regional de Jana\u00faba.  As v\u00edtimas tiveram les\u00f5es leves, conforme a corpora\u00e7\u00e3o.<\/p>\n<p>Segundo informa\u00e7\u00f5es da Pol\u00edcia Militar (PM), os fogos estavam expostos de forma irregular, conforme rege a legisla\u00e7\u00e3o contra Inc\u00eandio e P\u00e2nico em Minas Gerais.<\/p>\n<p><img decoding=\"async\" src=\"http:\/\/aconteceunovale.com.br\/portal\/wp-content\/uploads\/2014\/06\/acidente_fotos_janauba_10_6.jpg\" alt=\"\" \/><em>(Foto: Divulga\u00e7\u00e3o Corpo de Bombeiros)<\/em><\/p>\n","protected":false},"excerpt":{"rendered":"<p>O dono de uma barraca de fogos de artif\u00edcios de Jana\u00faba, no Norte do Estado, foi conduzido para a Delegacia da Pol\u00edcia Civil da cidade ap\u00f3s explos\u00f5es de artefatos no seu com\u00e9rcio. A s\u00e9rie de explos\u00f5es, na noite de segunda-feira (9), gerou um inc\u00eandio e deixou duas funcion\u00e1rias feridas. O homem foi detido por n\u00e3o [&hellip;]<\/p>\n","protected":false},"author":1,"featured_media":31705,"comment_status":"open","ping_status":"closed","sticky":false,"template":"","format":"standard","meta":{"amp_status":"","footnotes":""},"categories":[1236],"tags":[8862,8863,1018,204],"class_list":["post-31704","post","type-post","status-publish","format-standard","has-post-thumbnail","hentry","category-norte_de_minas","tag-comerciante-de-fogos-de-artificios-e-detido-apos-incendio-que-deixou-duas-pessoas-feridas","tag-comerciante-de-fogos-de-artificios-e-detido-apos-incendio-que-deixou-duas-pessoas-feridas-em-janauba","tag-destaque","tag-janauba"],"_links":{"self":[{"href":"https:\/\/aconteceunovale.com.br\/portal\/index.php?rest_route=\/wp\/v2\/posts\/31704","targetHints":{"allow":["GET"]}}],"collection":[{"href":"https:\/\/aconteceunovale.com.br\/portal\/index.php?rest_route=\/wp\/v2\/posts"}],"about":[{"href":"https:\/\/aconteceunovale.com.br\/portal\/index.php?rest_route=\/wp\/v2\/types\/post"}],"author":[{"embeddable":true,"href":"https:\/\/aconteceunovale.com.br\/portal\/index.php?rest_route=\/wp\/v2\/users\/1"}],"replies":[{"embeddable":true,"href":"https:\/\/aconteceunovale.com.br\/portal\/index.php?rest_route=%2Fwp%2Fv2%2Fcomments&post=31704"}],"version-history":[{"count":0,"href":"https:\/\/aconteceunovale.com.br\/portal\/index.php?rest_route=\/wp\/v2\/posts\/31704\/revisions"}],"wp:featuredmedia":[{"embeddable":true,"href":"https:\/\/aconteceunovale.com.br\/portal\/index.php?rest_route=\/wp\/v2\/media\/31705"}],"wp:attachment":[{"href":"https:\/\/aconteceunovale.com.br\/portal\/index.php?rest_route=%2Fwp%2Fv2%2Fmedia&parent=31704"}],"wp:term":[{"taxonomy":"category","embeddable":true,"href":"https:\/\/aconteceunovale.com.br\/portal\/index.php?rest_route=%2Fwp%2Fv2%2Fcategories&post=31704"},{"taxonomy":"post_tag","embeddable":true,"href":"https:\/\/aconteceunovale.com.br\/portal\/index.php?rest_route=%2Fwp%2Fv2%2Ftags&post=31704"}],"curies":[{"name":"wp","href":"https:\/\/api.w.org\/{rel}","templated":true}]}}